{"id":11924,"date":"2011-05-30T08:50:53","date_gmt":"2011-05-30T08:50:53","guid":{"rendered":"http:\/\/magenarquitectos.wordpress.com\/?p=2189"},"modified":"2021-06-17T10:08:18","modified_gmt":"2021-06-17T10:08:18","slug":"finalista-de-los-premios-arquitectura-plus-2011","status":"publish","type":"post","link":"https:\/\/magenarquitectos.com\/en\/finalista-de-los-premios-arquitectura-plus-2011\/","title":{"rendered":"Finalista de los Premios Arquitectura Plus 2011"},"content":{"rendered":"<p><a href=\"https:\/\/magenarquitectos.com\/wp-content\/uploads\/2021\/06\/aplus.png\"><img loading=\"lazy\" class=\"size-full wp-image-8452 aligncenter\" src=\"https:\/\/magenarquitectos.com\/wp-content\/uploads\/2021\/06\/aplus.png\" alt=\"aplus\" width=\"225\" height=\"225\" title=\"\"><\/a><\/p>\n<p>El jurado de los Premios Arquitectura Plus 2011 ha seleccionado como Finalista a la Sede del Servicio de Medio Ambiente (Edificio Europa) de Zaragoza.<br \/>\nLa elecci\u00f3n\u00a0y la entrega del\u00a0premio final\u00a0tendr\u00e1n lugar el d\u00eda 30 de Junio a las 19.00 h. en el Hotel Hesperia Tower de Barcelona.<\/p>\n<p>M\u00e1s informaci\u00f3n: <a href=\"http:\/\/www.grupovia.net\" rel=\"nofollow noopener\" target=\"_blank\">www.grupovia.net<\/a><\/p>\n","protected":false},"excerpt":{"rendered":"<p>El jurado de los Premios Arquitectura Plus 2011 ha seleccionado como Finalista a la Sede del Servicio de Medio Ambiente (Edificio Europa) de Zaragoza. La elecci\u00f3n\u00a0y la entrega del\u00a0premio final\u00a0tendr\u00e1n lugar el d\u00eda 30 de Junio a las 19.00 h. en el Hotel Hesperia Tower de Barcelona. M\u00e1s informaci\u00f3n: www.grupovia.net<\/p>\n","protected":false},"author":1,"featured_media":0,"comment_status":"open","ping_status":"open","sticky":false,"template":"","format":"standard","meta":{"_monsterinsights_skip_tracking":false,"_monsterinsights_sitenote_active":false,"_monsterinsights_sitenote_note":"","_monsterinsights_sitenote_category":0},"categories":[76,78,65,113],"tags":[62,79,80,87,81,70,82,83],"_links":{"self":[{"href":"https:\/\/magenarquitectos.com\/en\/wp-json\/wp\/v2\/posts\/11924"}],"collection":[{"href":"https:\/\/magenarquitectos.com\/en\/wp-json\/wp\/v2\/posts"}],"about":[{"href":"https:\/\/magenarquitectos.com\/en\/wp-json\/wp\/v2\/types\/post"}],"author":[{"embeddable":true,"href":"https:\/\/magenarquitectos.com\/en\/wp-json\/wp\/v2\/users\/1"}],"replies":[{"embeddable":true,"href":"https:\/\/magenarquitectos.com\/en\/wp-json\/wp\/v2\/comments?post=11924"}],"version-history":[{"count":1,"href":"https:\/\/magenarquitectos.com\/en\/wp-json\/wp\/v2\/posts\/11924\/revisions"}],"predecessor-version":[{"id":13642,"href":"https:\/\/magenarquitectos.com\/en\/wp-json\/wp\/v2\/posts\/11924\/revisions\/13642"}],"wp:attachment":[{"href":"https:\/\/magenarquitectos.com\/en\/wp-json\/wp\/v2\/media?parent=11924"}],"wp:term":[{"taxonomy":"category","embeddable":true,"href":"https:\/\/magenarquitectos.com\/en\/wp-json\/wp\/v2\/categories?post=11924"},{"taxonomy":"post_tag","embeddable":true,"href":"https:\/\/magenarquitectos.com\/en\/wp-json\/wp\/v2\/tags?post=11924"}],"curies":[{"name":"wp","href":"https:\/\/api.w.org\/{rel}","templated":true}]}}