{"id":11927,"date":"2011-06-06T09:07:27","date_gmt":"2011-06-06T09:07:27","guid":{"rendered":"http:\/\/magenarquitectos.wordpress.com\/?p=2214"},"modified":"2021-06-17T10:08:17","modified_gmt":"2021-06-17T10:08:17","slug":"catalogo-zaragoza-vision-emocional-de-una-ciudad","status":"publish","type":"post","link":"https:\/\/magenarquitectos.com\/en\/catalogo-zaragoza-vision-emocional-de-una-ciudad\/","title":{"rendered":"Cat\u00e1logo &#8220;Zaragoza. Visi\u00f3n emocional de una ciudad&#8221;"},"content":{"rendered":"<p>Publicado el cat\u00e1logo de la Exposici\u00f3n &#8220;Zaragoza. Visi\u00f3n emocional de una ciudad&#8221; en la que un total de 216 artistas de todos los sectores art\u00edsticos\u00a0 (pl\u00e1sticos, fot\u00f3grafos, dise\u00f1adores gr\u00e1ficos, ilustradores, graffitis, arquitectos, escultores, escritores, poetas, periodistas y c\u00f3mics) reflejan\u00a0 su visi\u00f3n de Zaragoza\u00a0 a partir de un plano de la ciudad.<\/p>\n<p style=\"text-align: center;\"><a href=\"https:\/\/magenarquitectos.com\/wp-content\/uploads\/2021\/06\/zgz_vision.jpg\"><img loading=\"lazy\" class=\"alignnone size-full wp-image-8450\" src=\"https:\/\/magenarquitectos.com\/wp-content\/uploads\/2021\/06\/zgz_vision.jpg\" alt=\"zgz_vision\" width=\"634\" height=\"906\" title=\"\"><\/a><\/p>\n","protected":false},"excerpt":{"rendered":"<p>Publicado el cat\u00e1logo de la Exposici\u00f3n &#8220;Zaragoza. Visi\u00f3n emocional de una ciudad&#8221; en la que un total de 216 artistas de todos los sectores art\u00edsticos\u00a0 (pl\u00e1sticos, fot\u00f3grafos, dise\u00f1adores gr\u00e1ficos, ilustradores, graffitis, arquitectos, escultores, escritores, poetas, periodistas y c\u00f3mics) reflejan\u00a0 su visi\u00f3n de Zaragoza\u00a0 a partir de un plano de la ciudad.<\/p>\n","protected":false},"author":1,"featured_media":0,"comment_status":"open","ping_status":"open","sticky":false,"template":"","format":"standard","meta":{"_monsterinsights_skip_tracking":false,"_monsterinsights_sitenote_active":false,"_monsterinsights_sitenote_note":"","_monsterinsights_sitenote_category":0},"categories":[90],"tags":[119,68,74],"_links":{"self":[{"href":"https:\/\/magenarquitectos.com\/en\/wp-json\/wp\/v2\/posts\/11927"}],"collection":[{"href":"https:\/\/magenarquitectos.com\/en\/wp-json\/wp\/v2\/posts"}],"about":[{"href":"https:\/\/magenarquitectos.com\/en\/wp-json\/wp\/v2\/types\/post"}],"author":[{"embeddable":true,"href":"https:\/\/magenarquitectos.com\/en\/wp-json\/wp\/v2\/users\/1"}],"replies":[{"embeddable":true,"href":"https:\/\/magenarquitectos.com\/en\/wp-json\/wp\/v2\/comments?post=11927"}],"version-history":[{"count":1,"href":"https:\/\/magenarquitectos.com\/en\/wp-json\/wp\/v2\/posts\/11927\/revisions"}],"predecessor-version":[{"id":13638,"href":"https:\/\/magenarquitectos.com\/en\/wp-json\/wp\/v2\/posts\/11927\/revisions\/13638"}],"wp:attachment":[{"href":"https:\/\/magenarquitectos.com\/en\/wp-json\/wp\/v2\/media?parent=11927"}],"wp:term":[{"taxonomy":"category","embeddable":true,"href":"https:\/\/magenarquitectos.com\/en\/wp-json\/wp\/v2\/categories?post=11927"},{"taxonomy":"post_tag","embeddable":true,"href":"https:\/\/magenarquitectos.com\/en\/wp-json\/wp\/v2\/tags?post=11927"}],"curies":[{"name":"wp","href":"https:\/\/api.w.org\/{rel}","templated":true}]}}