{"id":11929,"date":"2011-06-20T09:15:24","date_gmt":"2011-06-20T09:15:24","guid":{"rendered":"http:\/\/magenarquitectos.wordpress.com\/?p=2223"},"modified":"2022-02-02T16:06:28","modified_gmt":"2022-02-02T16:06:28","slug":"v-edicion-premios-bigmat-2011-tercer-premio","status":"publish","type":"post","link":"https:\/\/magenarquitectos.com\/en\/v-edicion-premios-bigmat-2011-tercer-premio\/","title":{"rendered":"V Edici\u00f3n Premios BigMat de Arquitectura 2011. Tercer Premio"},"content":{"rendered":"<p><a href=\"https:\/\/magenarquitectos.com\/wp-content\/uploads\/2021\/06\/img_0411c.jpg\"><img loading=\"lazy\" class=\"size-full wp-image-8442 aligncenter\" src=\"https:\/\/magenarquitectos.com\/wp-content\/uploads\/2021\/06\/img_0411c.jpg\" alt=\"img_0411c\" width=\"660\" height=\"463\" title=\"\"><\/a><\/p>\n<p>El viernes 17 de junio, en la Ciudad de la Cultura de Galicia en Santiago de Compostela, tuvo lugar la ceremonia de entrega de la\u00a05\u00aa Edici\u00f3n de los Premios nacionales de Arquitectura BigMat 2011. Jaime y Francisco J. Mag\u00e9n recibieron el Tercer Premio por la Sede del Servicio de Medio Ambiente de Zaragoza (actual Centro Ambiental del Ebro &#8211; Edificio Europa).<\/p>\n<p>El jurado, presidido por el Catedr\u00e1tico de Proyectos de la ETSAM D. Jes\u00fas Aparicio, seleccion\u00f3 los tres edificios premiados entre los 92 proyectos que concurrieron a la convocatoria, construidos en Espa\u00f1a en los dos \u00faltimos a\u00f1os.<\/p>\n<p>The Award Ceremony of VBigMat Architecture National Awardswas held in Galician City of Culture in Santiago de Compostela last Friday 17th June. Ebro Environmental Centre, by Mag\u00e9n Arquitectos, received the Third Prize.<\/p>\n<p>The Jury, chaired by ETSAM professor D. Jes\u00fas Aparicio, selected three awarded buildings among 92 participant projects built in Spain in the last two years.<\/p>\n<p>+ info: <a href=\"http:\/\/www.bigmat.es\" rel=\"nofollow noopener\" target=\"_blank\">www.bigm<\/a><a href=\"http:\/\/www.bigmat.es\" rel=\"nofollow noopener\" target=\"_blank\">at.es<\/a><\/p>\n<p><a href=\"http:\/\/www.nanconstruccion.es\/\" rel=\"nofollow noopener\" target=\"_blank\">www.nanconstruccion.es\/es\/node\/1419<\/a><\/p>\n<p>Acta del jurado: <a href=\"http:\/\/www.bigmat.es\/ficherospremios\/Acta%20Jurado%20Premios%20BigMat%202011.pdf?PHPSESSID=46050f8f597a67f0f33ba181cf7ea439\" rel=\"nofollow noopener\" target=\"_blank\">http:\/\/www.bigmat.es\/ficherospremios\/Acta%20Jurado%20Premios%20BigMat%202011.pdf?PHPSESSID=46050f8f597a67f0f33ba181cf7ea439<\/a><\/p>\n","protected":false},"excerpt":{"rendered":"<p>El viernes 17 de junio, en la Ciudad de la Cultura de Galicia en Santiago de Compostela, tuvo lugar la ceremonia de entrega de la\u00a05\u00aa Edici\u00f3n de los Premios nacionales de Arquitectura BigMat 2011. Jaime y Francisco J. Mag\u00e9n recibieron el Tercer Premio por la Sede del Servicio de Medio Ambiente de Zaragoza (actual Centro [&hellip;]<\/p>\n","protected":false},"author":1,"featured_media":0,"comment_status":"open","ping_status":"open","sticky":false,"template":"","format":"standard","meta":{"_monsterinsights_skip_tracking":false,"_monsterinsights_sitenote_active":false,"_monsterinsights_sitenote_note":"","_monsterinsights_sitenote_category":0},"categories":[76,77,78,65,66,113],"tags":[62,79,80,81,70,82,83,74],"_links":{"self":[{"href":"https:\/\/magenarquitectos.com\/en\/wp-json\/wp\/v2\/posts\/11929"}],"collection":[{"href":"https:\/\/magenarquitectos.com\/en\/wp-json\/wp\/v2\/posts"}],"about":[{"href":"https:\/\/magenarquitectos.com\/en\/wp-json\/wp\/v2\/types\/post"}],"author":[{"embeddable":true,"href":"https:\/\/magenarquitectos.com\/en\/wp-json\/wp\/v2\/users\/1"}],"replies":[{"embeddable":true,"href":"https:\/\/magenarquitectos.com\/en\/wp-json\/wp\/v2\/comments?post=11929"}],"version-history":[{"count":2,"href":"https:\/\/magenarquitectos.com\/en\/wp-json\/wp\/v2\/posts\/11929\/revisions"}],"predecessor-version":[{"id":14962,"href":"https:\/\/magenarquitectos.com\/en\/wp-json\/wp\/v2\/posts\/11929\/revisions\/14962"}],"wp:attachment":[{"href":"https:\/\/magenarquitectos.com\/en\/wp-json\/wp\/v2\/media?parent=11929"}],"wp:term":[{"taxonomy":"category","embeddable":true,"href":"https:\/\/magenarquitectos.com\/en\/wp-json\/wp\/v2\/categories?post=11929"},{"taxonomy":"post_tag","embeddable":true,"href":"https:\/\/magenarquitectos.com\/en\/wp-json\/wp\/v2\/tags?post=11929"}],"curies":[{"name":"wp","href":"https:\/\/api.w.org\/{rel}","templated":true}]}}