{"id":11930,"date":"2011-06-09T18:22:36","date_gmt":"2011-06-09T18:22:36","guid":{"rendered":"http:\/\/magenarquitectos.wordpress.com\/?p=2224"},"modified":"2021-06-17T10:08:17","modified_gmt":"2021-06-17T10:08:17","slug":"zaragoza-atlas-arquitectonico-del-s-xxi-en-heraldo-de-aragon","status":"publish","type":"post","link":"https:\/\/magenarquitectos.com\/en\/zaragoza-atlas-arquitectonico-del-s-xxi-en-heraldo-de-aragon\/","title":{"rendered":"&#8220;Zaragoza. Atlas arquitect\u00f3nico del s. XXI&#8221; en Heraldo de Arag\u00f3n"},"content":{"rendered":"<p>Art\u00edculo &#8220;Los edificios, las ideas y el espect\u00e1culo. Construcci\u00f3n y futuro: Zaragoza, atlas arquitect\u00f3nico del s.XXI&#8221;, del arquitecto Ricardo Marco, en el suplemento cultural Artes y Letras de Heraldo de Arag\u00f3n.<\/p>\n<p style=\"text-align: center;\"><a href=\"https:\/\/magenarquitectos.com\/wp-content\/uploads\/2021\/06\/heraldo2.jpg\"><img loading=\"lazy\" class=\"alignnone size-full wp-image-8446\" src=\"https:\/\/magenarquitectos.com\/wp-content\/uploads\/2021\/06\/heraldo2.jpg\" alt=\"heraldo2\" width=\"522\" height=\"741\" title=\"\"><\/a><\/p>\n<p>+ info: www.heraldo.es<\/p>\n","protected":false},"excerpt":{"rendered":"<p>Art\u00edculo &#8220;Los edificios, las ideas y el espect\u00e1culo. Construcci\u00f3n y futuro: Zaragoza, atlas arquitect\u00f3nico del s.XXI&#8221;, del arquitecto Ricardo Marco, en el suplemento cultural Artes y Letras de Heraldo de Arag\u00f3n. + info: www.heraldo.es<\/p>\n","protected":false},"author":1,"featured_media":0,"comment_status":"open","ping_status":"open","sticky":false,"template":"","format":"standard","meta":{"_monsterinsights_skip_tracking":false,"_monsterinsights_sitenote_active":false,"_monsterinsights_sitenote_note":"","_monsterinsights_sitenote_category":0},"categories":[90],"tags":[122,123,98,96,99,74],"_links":{"self":[{"href":"https:\/\/magenarquitectos.com\/en\/wp-json\/wp\/v2\/posts\/11930"}],"collection":[{"href":"https:\/\/magenarquitectos.com\/en\/wp-json\/wp\/v2\/posts"}],"about":[{"href":"https:\/\/magenarquitectos.com\/en\/wp-json\/wp\/v2\/types\/post"}],"author":[{"embeddable":true,"href":"https:\/\/magenarquitectos.com\/en\/wp-json\/wp\/v2\/users\/1"}],"replies":[{"embeddable":true,"href":"https:\/\/magenarquitectos.com\/en\/wp-json\/wp\/v2\/comments?post=11930"}],"version-history":[{"count":1,"href":"https:\/\/magenarquitectos.com\/en\/wp-json\/wp\/v2\/posts\/11930\/revisions"}],"predecessor-version":[{"id":13632,"href":"https:\/\/magenarquitectos.com\/en\/wp-json\/wp\/v2\/posts\/11930\/revisions\/13632"}],"wp:attachment":[{"href":"https:\/\/magenarquitectos.com\/en\/wp-json\/wp\/v2\/media?parent=11930"}],"wp:term":[{"taxonomy":"category","embeddable":true,"href":"https:\/\/magenarquitectos.com\/en\/wp-json\/wp\/v2\/categories?post=11930"},{"taxonomy":"post_tag","embeddable":true,"href":"https:\/\/magenarquitectos.com\/en\/wp-json\/wp\/v2\/tags?post=11930"}],"curies":[{"name":"wp","href":"https:\/\/api.w.org\/{rel}","templated":true}]}}