{"id":11933,"date":"2011-07-04T09:10:26","date_gmt":"2011-07-04T09:10:26","guid":{"rendered":"http:\/\/magenarquitectos.wordpress.com\/?p=2261"},"modified":"2021-06-17T10:08:16","modified_gmt":"2021-06-17T10:08:16","slug":"premio-de-arquitectura-aplus-2011","status":"publish","type":"post","link":"https:\/\/magenarquitectos.com\/en\/premio-de-arquitectura-aplus-2011\/","title":{"rendered":"Premio de Arquitectura Aplus 2011."},"content":{"rendered":"<p><a href=\"https:\/\/magenarquitectos.com\/wp-content\/uploads\/2021\/06\/a346.jpg\"><img loading=\"lazy\" class=\"size-full wp-image-8437 aligncenter\" src=\"https:\/\/magenarquitectos.com\/wp-content\/uploads\/2021\/06\/a346.jpg\" alt=\"a346\" width=\"660\" height=\"414\" title=\"\"><\/a><br \/>\nEl jueves 30 de junio tuvo lugar la fiesta de entrega de los Premios Arquitectura Plus 2011, que promueve el Grupo V\u00eda, en el Hotel Hesperia Tower de Barcelona. Mag\u00e9n Arquitectos result\u00f3 ganador del Premio de Arquitectura Aplus 2011 en la categor\u00eda de Arquitectura Sostenible, con el Edificio de Medio Ambiente, actual Centro Ambiental del Ebro (Edificio Europa), situado en la Plaza Europa de Zaragoza.<\/p>\n<p>La decisi\u00f3n fue adoptada en votaci\u00f3n directa por \u2019televoto\u2019 inform\u00e1tico de los profesionales que asistieron a la gala, previa selecci\u00f3n de los tres finalistas de cada categor\u00eda por un jurado de arquitectos, periodistas y profesionales de prestigio, entre los m\u00e1s de ochenta proyectos presentados, realizados en Espa\u00f1a en el \u00faltimo a\u00f1o.<\/p>\n<p>Award Ceremony of Premios Arquitectura Plus 2011 took place on Thursday 3&#8217;th June in Hesperia Tower hotel in Barcelona. Mag\u00e9n Arquitectos were winners in the category Sustainable Architecture, with Ebro Environmental Centre.<\/p>\n<p>A live vote among the assistants was done, after the finalists`selection made bya jury integrated by architects, journalists and professionals, among more than 80 projects built in Spain last year.<\/p>\n<p>+ info: <a href=\"http:\/\/www.scalae.net\/noticia\/premios-arquitectura-plus-2011\" rel=\"nofollow noopener\" target=\"_blank\">http:\/\/www.scalae.net\/noticia\/premios-arquitectura-plus-2011<\/a><\/p>\n","protected":false},"excerpt":{"rendered":"<p>El jueves 30 de junio tuvo lugar la fiesta de entrega de los Premios Arquitectura Plus 2011, que promueve el Grupo V\u00eda, en el Hotel Hesperia Tower de Barcelona. Mag\u00e9n Arquitectos result\u00f3 ganador del Premio de Arquitectura Aplus 2011 en la categor\u00eda de Arquitectura Sostenible, con el Edificio de Medio Ambiente, actual Centro Ambiental del [&hellip;]<\/p>\n","protected":false},"author":1,"featured_media":0,"comment_status":"open","ping_status":"open","sticky":false,"template":"","format":"standard","meta":{"_monsterinsights_skip_tracking":false,"_monsterinsights_sitenote_active":false,"_monsterinsights_sitenote_note":"","_monsterinsights_sitenote_category":0},"categories":[76,78,65,113],"tags":[62,79,81,70,82,83,74],"_links":{"self":[{"href":"https:\/\/magenarquitectos.com\/en\/wp-json\/wp\/v2\/posts\/11933"}],"collection":[{"href":"https:\/\/magenarquitectos.com\/en\/wp-json\/wp\/v2\/posts"}],"about":[{"href":"https:\/\/magenarquitectos.com\/en\/wp-json\/wp\/v2\/types\/post"}],"author":[{"embeddable":true,"href":"https:\/\/magenarquitectos.com\/en\/wp-json\/wp\/v2\/users\/1"}],"replies":[{"embeddable":true,"href":"https:\/\/magenarquitectos.com\/en\/wp-json\/wp\/v2\/comments?post=11933"}],"version-history":[{"count":1,"href":"https:\/\/magenarquitectos.com\/en\/wp-json\/wp\/v2\/posts\/11933\/revisions"}],"predecessor-version":[{"id":13620,"href":"https:\/\/magenarquitectos.com\/en\/wp-json\/wp\/v2\/posts\/11933\/revisions\/13620"}],"wp:attachment":[{"href":"https:\/\/magenarquitectos.com\/en\/wp-json\/wp\/v2\/media?parent=11933"}],"wp:term":[{"taxonomy":"category","embeddable":true,"href":"https:\/\/magenarquitectos.com\/en\/wp-json\/wp\/v2\/categories?post=11933"},{"taxonomy":"post_tag","embeddable":true,"href":"https:\/\/magenarquitectos.com\/en\/wp-json\/wp\/v2\/tags?post=11933"}],"curies":[{"name":"wp","href":"https:\/\/api.w.org\/{rel}","templated":true}]}}