{"id":1266,"date":"2010-03-25T16:06:47","date_gmt":"2010-03-25T16:06:47","guid":{"rendered":"http:\/\/magenarquitectos.wordpress.com\/?p=1266"},"modified":"2010-03-25T16:06:47","modified_gmt":"2010-03-25T16:06:47","slug":"premios-3-de-abril-de-arquitectura-y-urbanismo","status":"publish","type":"post","link":"https:\/\/magenarquitectos.com\/en\/premios-3-de-abril-de-arquitectura-y-urbanismo\/","title":{"rendered":"Premios 3 de Abril de Arquitectura y Urbanismo"},"content":{"rendered":"<p><img loading=\"lazy\" src=\"http:\/\/magenarquitectos.files.wordpress.com\/2008\/08\/noticias_37_1_med.jpg\" alt=\"\" width=\"250\" height=\"100\" title=\"\"><\/p>\n<p>La Sede del Servicio de Medio Ambiente en las Riberas del Ebro de Zaragoza ha sido seleccionada como finalista de los premios 3 de Abril en la categor\u00eda de Urbanismo y Arquitectura. Los ganadores se conocer\u00e1n el 3 de Abril.<\/p>\n<p>Environmental Unit Headquarters in the riverbanks of river Ebro, by Mag\u00e9n Arquitectos,\u00a0 Finalist in &#8220;3 de Abril&#8221; Awards in Category Urbanism and Architecture. Winners to be announced at 3rd April.<\/p>\n","protected":false},"excerpt":{"rendered":"<p>La Sede del Servicio de Medio Ambiente en las Riberas del Ebro de Zaragoza ha sido seleccionada como finalista de los premios 3 de Abril en la categor\u00eda de Urbanismo y Arquitectura. Los ganadores se conocer\u00e1n el 3 de Abril. Environmental Unit Headquarters in the riverbanks of river Ebro, by Mag\u00e9n Arquitectos,\u00a0 Finalist in &#8220;3 [&hellip;]<\/p>\n","protected":false},"author":1,"featured_media":0,"comment_status":"open","ping_status":"open","sticky":false,"template":"","format":"standard","meta":{"_monsterinsights_skip_tracking":false,"_monsterinsights_sitenote_active":false,"_monsterinsights_sitenote_note":"","_monsterinsights_sitenote_category":0},"categories":[76,77,78,65,113],"tags":[62,79,80,81,70,82,83,74],"_links":{"self":[{"href":"https:\/\/magenarquitectos.com\/en\/wp-json\/wp\/v2\/posts\/1266"}],"collection":[{"href":"https:\/\/magenarquitectos.com\/en\/wp-json\/wp\/v2\/posts"}],"about":[{"href":"https:\/\/magenarquitectos.com\/en\/wp-json\/wp\/v2\/types\/post"}],"author":[{"embeddable":true,"href":"https:\/\/magenarquitectos.com\/en\/wp-json\/wp\/v2\/users\/1"}],"replies":[{"embeddable":true,"href":"https:\/\/magenarquitectos.com\/en\/wp-json\/wp\/v2\/comments?post=1266"}],"version-history":[{"count":0,"href":"https:\/\/magenarquitectos.com\/en\/wp-json\/wp\/v2\/posts\/1266\/revisions"}],"wp:attachment":[{"href":"https:\/\/magenarquitectos.com\/en\/wp-json\/wp\/v2\/media?parent=1266"}],"wp:term":[{"taxonomy":"category","embeddable":true,"href":"https:\/\/magenarquitectos.com\/en\/wp-json\/wp\/v2\/categories?post=1266"},{"taxonomy":"post_tag","embeddable":true,"href":"https:\/\/magenarquitectos.com\/en\/wp-json\/wp\/v2\/tags?post=1266"}],"curies":[{"name":"wp","href":"https:\/\/api.w.org\/{rel}","templated":true}]}}