{"id":131,"date":"2008-08-27T15:22:45","date_gmt":"2008-08-27T15:22:45","guid":{"rendered":"http:\/\/magenarquitectos.wordpress.com\/?p=131"},"modified":"2021-06-17T10:30:41","modified_gmt":"2021-06-17T10:30:41","slug":"via-construccion-n%c2%ba-58-zaragoza-regeneracion","status":"publish","type":"post","link":"https:\/\/magenarquitectos.com\/en\/via-construccion-n%c2%ba-58-zaragoza-regeneracion\/","title":{"rendered":"V\u00eda Construcci\u00f3n n\u00ba 58. Zaragoza: reGeneraci\u00f3n"},"content":{"rendered":"<p><img loading=\"lazy\" class=\"alignnone size-full wp-image-151\" src=\"http:\/\/magenarquitectos.files.wordpress.com\/2008\/08\/noticias_58_1_med.jpg\" alt=\"\" width=\"145\" height=\"198\" title=\"\"><\/p>\n<p>(15\/07\/2008).- El n\u00famero 58 de V\u00eda Construcci\u00f3n, dedicado a Zaragoza, analiza bajo el concepto &#8220;reGeneraci\u00f3n&#8221; las claves y s\u00edntomas de la regeneraci\u00f3n urbana y arquitect\u00f3nica de la ciudad, fuera del recinto Expo. El n\u00famero analiza la cuesti\u00f3n a trav\u00e9s de entrevistas, comentarios, y proyectos y obras recientemente finalizadas en Zaragoza, entre los que se encuentra el Centro Deportivo CF La Camisera.<\/p>\n<p>V\u00eda Construcci\u00f3n n\u00ba 58, dedicated to the urban and archtectonical regeneration of Zaragoza, includes CMF La Camisera in Zaragoza, by Mag\u00e9n Arquitectos.<\/p>\n","protected":false},"excerpt":{"rendered":"<p>(15\/07\/2008).- El n\u00famero 58 de V\u00eda Construcci\u00f3n, dedicado a Zaragoza, analiza bajo el concepto &#8220;reGeneraci\u00f3n&#8221; las claves y s\u00edntomas de la regeneraci\u00f3n urbana y arquitect\u00f3nica de la ciudad, fuera del recinto Expo. El n\u00famero analiza la cuesti\u00f3n a trav\u00e9s de entrevistas, comentarios, y proyectos y obras recientemente finalizadas en Zaragoza, entre los que se encuentra [&hellip;]<\/p>\n","protected":false},"author":1,"featured_media":0,"comment_status":"open","ping_status":"open","sticky":false,"template":"","format":"standard","meta":{"_monsterinsights_skip_tracking":false,"_monsterinsights_sitenote_active":false,"_monsterinsights_sitenote_note":"","_monsterinsights_sitenote_category":0},"categories":[67,90],"tags":[64,80,87,84,89,74],"_links":{"self":[{"href":"https:\/\/magenarquitectos.com\/en\/wp-json\/wp\/v2\/posts\/131"}],"collection":[{"href":"https:\/\/magenarquitectos.com\/en\/wp-json\/wp\/v2\/posts"}],"about":[{"href":"https:\/\/magenarquitectos.com\/en\/wp-json\/wp\/v2\/types\/post"}],"author":[{"embeddable":true,"href":"https:\/\/magenarquitectos.com\/en\/wp-json\/wp\/v2\/users\/1"}],"replies":[{"embeddable":true,"href":"https:\/\/magenarquitectos.com\/en\/wp-json\/wp\/v2\/comments?post=131"}],"version-history":[{"count":1,"href":"https:\/\/magenarquitectos.com\/en\/wp-json\/wp\/v2\/posts\/131\/revisions"}],"predecessor-version":[{"id":13992,"href":"https:\/\/magenarquitectos.com\/en\/wp-json\/wp\/v2\/posts\/131\/revisions\/13992"}],"wp:attachment":[{"href":"https:\/\/magenarquitectos.com\/en\/wp-json\/wp\/v2\/media?parent=131"}],"wp:term":[{"taxonomy":"category","embeddable":true,"href":"https:\/\/magenarquitectos.com\/en\/wp-json\/wp\/v2\/categories?post=131"},{"taxonomy":"post_tag","embeddable":true,"href":"https:\/\/magenarquitectos.com\/en\/wp-json\/wp\/v2\/tags?post=131"}],"curies":[{"name":"wp","href":"https:\/\/api.w.org\/{rel}","templated":true}]}}