{"id":14566,"date":"2021-08-02T16:42:32","date_gmt":"2021-08-02T16:42:32","guid":{"rendered":"https:\/\/magenarquitectos.com\/?p=14566"},"modified":"2021-08-03T10:40:58","modified_gmt":"2021-08-03T10:40:58","slug":"heraldo-de-aragon-abra-bien-los-ojos","status":"publish","type":"post","link":"https:\/\/magenarquitectos.com\/en\/heraldo-de-aragon-abra-bien-los-ojos\/","title":{"rendered":"Heraldo de Arag\u00f3n &#8211; &#8220;Abra bien los ojos&#8230;&#8221;"},"content":{"rendered":"\n<p>El <a href=\"https:\/\/magenarquitectos.com\/proyectos\/auditorio-de-illueca\/\">Auditorio de Illueca<\/a> ha sido incluido en el &#8220;Cat\u00e1logo de Arquitectura Contempor\u00e1nea en la Provincia de Zaragoza, 1981-2020&#8221;, editado por la Diputaci\u00f3n de Zaragoza en colaboraci\u00f3n con el Colegio Oficial de Arquitectos de Arag\u00f3n. <\/p>\n\n\n\n<p>+info: <a href=\"https:\/\/www.heraldo.es\/noticias\/ocio-y-cultura\/2021\/08\/01\/abra-bien-los-ojos-y-podra-disfrutar-de-la-arquitectura-contemporanea-zaragozana-1510181.html\" rel=\"nofollow noopener\" target=\"_blank\">Heraldo de Arag\u00f3n<\/a>, <a href=\"https:\/\/www.coaaragon.es\/Arq_contemporanea\" rel=\"nofollow noopener\" target=\"_blank\">Colegio Oficial de Arquitectos<\/a> <\/p>\n\n\n\n<p><\/p>\n","protected":false},"excerpt":{"rendered":"<p>El Auditorio de Illueca ha sido incluido en el &#8220;Cat\u00e1logo de Arquitectura Contempor\u00e1nea en la Provincia de Zaragoza, 1981-2020&#8221;, editado por la Diputaci\u00f3n de Zaragoza en colaboraci\u00f3n con el Colegio Oficial de Arquitectos de Arag\u00f3n. +info: Heraldo de Arag\u00f3n, Colegio Oficial de Arquitectos<\/p>\n","protected":false},"author":1,"featured_media":14567,"comment_status":"open","ping_status":"open","sticky":false,"template":"","format":"standard","meta":{"_monsterinsights_skip_tracking":false,"_monsterinsights_sitenote_active":false,"_monsterinsights_sitenote_note":"","_monsterinsights_sitenote_category":0},"categories":[65,66,90,194],"tags":[115,106,221,74],"_links":{"self":[{"href":"https:\/\/magenarquitectos.com\/en\/wp-json\/wp\/v2\/posts\/14566"}],"collection":[{"href":"https:\/\/magenarquitectos.com\/en\/wp-json\/wp\/v2\/posts"}],"about":[{"href":"https:\/\/magenarquitectos.com\/en\/wp-json\/wp\/v2\/types\/post"}],"author":[{"embeddable":true,"href":"https:\/\/magenarquitectos.com\/en\/wp-json\/wp\/v2\/users\/1"}],"replies":[{"embeddable":true,"href":"https:\/\/magenarquitectos.com\/en\/wp-json\/wp\/v2\/comments?post=14566"}],"version-history":[{"count":2,"href":"https:\/\/magenarquitectos.com\/en\/wp-json\/wp\/v2\/posts\/14566\/revisions"}],"predecessor-version":[{"id":14570,"href":"https:\/\/magenarquitectos.com\/en\/wp-json\/wp\/v2\/posts\/14566\/revisions\/14570"}],"wp:featuredmedia":[{"embeddable":true,"href":"https:\/\/magenarquitectos.com\/en\/wp-json\/wp\/v2\/media\/14567"}],"wp:attachment":[{"href":"https:\/\/magenarquitectos.com\/en\/wp-json\/wp\/v2\/media?parent=14566"}],"wp:term":[{"taxonomy":"category","embeddable":true,"href":"https:\/\/magenarquitectos.com\/en\/wp-json\/wp\/v2\/categories?post=14566"},{"taxonomy":"post_tag","embeddable":true,"href":"https:\/\/magenarquitectos.com\/en\/wp-json\/wp\/v2\/tags?post=14566"}],"curies":[{"name":"wp","href":"https:\/\/api.w.org\/{rel}","templated":true}]}}