{"id":14578,"date":"2021-08-05T15:19:50","date_gmt":"2021-08-05T15:19:50","guid":{"rendered":"https:\/\/magenarquitectos.com\/?p=14578"},"modified":"2021-08-05T15:19:51","modified_gmt":"2021-08-05T15:19:51","slug":"en-construccion-reforma-y-ampliacion-de-la-facultad-de-filosofia-y-letras-universidad-de-zaragoza-19","status":"publish","type":"post","link":"https:\/\/magenarquitectos.com\/en\/en-construccion-reforma-y-ampliacion-de-la-facultad-de-filosofia-y-letras-universidad-de-zaragoza-19\/","title":{"rendered":"En construcci\u00f3n: Reforma y Ampliaci\u00f3n de la Facultad de Filosof\u00eda y Letras. Universidad de Zaragoza."},"content":{"rendered":"\n<p>+info:\u00a0<a href=\"http:\/\/magenarquitectos.com\/facultad-de-filosofia-y-letras-universidad-de-zaragoza\/\">Facultad de Filosof\u00eda y Letras<\/a>, <a href=\"http:\/\/english.magenarquitectos.com\/philosophy-faculty-university-of-zaragoza\/\">Philosophy Faculty<\/a><\/p>\n","protected":false},"excerpt":{"rendered":"<p>+info:\u00a0Facultad de Filosof\u00eda y Letras, Philosophy Faculty<\/p>\n","protected":false},"author":1,"featured_media":14580,"comment_status":"open","ping_status":"open","sticky":false,"template":"","format":"standard","meta":{"_monsterinsights_skip_tracking":false,"_monsterinsights_sitenote_active":false,"_monsterinsights_sitenote_note":"","_monsterinsights_sitenote_category":0},"categories":[97,65,139,92,117],"tags":[115,80,140,93,94,82,83,74],"_links":{"self":[{"href":"https:\/\/magenarquitectos.com\/en\/wp-json\/wp\/v2\/posts\/14578"}],"collection":[{"href":"https:\/\/magenarquitectos.com\/en\/wp-json\/wp\/v2\/posts"}],"about":[{"href":"https:\/\/magenarquitectos.com\/en\/wp-json\/wp\/v2\/types\/post"}],"author":[{"embeddable":true,"href":"https:\/\/magenarquitectos.com\/en\/wp-json\/wp\/v2\/users\/1"}],"replies":[{"embeddable":true,"href":"https:\/\/magenarquitectos.com\/en\/wp-json\/wp\/v2\/comments?post=14578"}],"version-history":[{"count":1,"href":"https:\/\/magenarquitectos.com\/en\/wp-json\/wp\/v2\/posts\/14578\/revisions"}],"predecessor-version":[{"id":14582,"href":"https:\/\/magenarquitectos.com\/en\/wp-json\/wp\/v2\/posts\/14578\/revisions\/14582"}],"wp:featuredmedia":[{"embeddable":true,"href":"https:\/\/magenarquitectos.com\/en\/wp-json\/wp\/v2\/media\/14580"}],"wp:attachment":[{"href":"https:\/\/magenarquitectos.com\/en\/wp-json\/wp\/v2\/media?parent=14578"}],"wp:term":[{"taxonomy":"category","embeddable":true,"href":"https:\/\/magenarquitectos.com\/en\/wp-json\/wp\/v2\/categories?post=14578"},{"taxonomy":"post_tag","embeddable":true,"href":"https:\/\/magenarquitectos.com\/en\/wp-json\/wp\/v2\/tags?post=14578"}],"curies":[{"name":"wp","href":"https:\/\/api.w.org\/{rel}","templated":true}]}}