{"id":14599,"date":"2021-08-10T09:30:00","date_gmt":"2021-08-10T09:30:00","guid":{"rendered":"https:\/\/magenarquitectos.com\/?p=14599"},"modified":"2021-08-08T17:37:15","modified_gmt":"2021-08-08T17:37:15","slug":"magen-arquitectos-proyecta-la-reforma-de-la-residencia-de-mayores-romareda","status":"publish","type":"post","link":"https:\/\/magenarquitectos.com\/en\/magen-arquitectos-proyecta-la-reforma-de-la-residencia-de-mayores-romareda\/","title":{"rendered":"Mag\u00e9n Arquitectos proyecta la Reforma de la Residencia de Mayores Romareda"},"content":{"rendered":"\n<p>Mag\u00e9n Arquitectos ha\u00a0resultado ganador del concurso convocado por el\u00a0 Gobierno de Arag\u00f3n para el proyecto de reforma\u00a0de un m\u00f3dulo de la Residencia de Mayores Romareda. El proyecto plantea la creaci\u00f3n de dos unidades de convivencia, incorporando el modelo de Atenci\u00f3n Integral Centrada en la Persona (AICP).<\/p>\n\n\n\n<p><\/p>\n","protected":false},"excerpt":{"rendered":"<p>Mag\u00e9n Arquitectos ha\u00a0resultado ganador del concurso convocado por el\u00a0 Gobierno de Arag\u00f3n para el proyecto de reforma\u00a0de un m\u00f3dulo de la Residencia de Mayores Romareda. El proyecto plantea la creaci\u00f3n de dos unidades de convivencia, incorporando el modelo de Atenci\u00f3n Integral Centrada en la Persona (AICP).<\/p>\n","protected":false},"author":1,"featured_media":14600,"comment_status":"open","ping_status":"open","sticky":false,"template":"","format":"standard","meta":{"_monsterinsights_skip_tracking":false,"_monsterinsights_sitenote_active":false,"_monsterinsights_sitenote_note":"","_monsterinsights_sitenote_category":0},"categories":[202,75,65,92,131],"tags":[115,93,94,228,74],"_links":{"self":[{"href":"https:\/\/magenarquitectos.com\/en\/wp-json\/wp\/v2\/posts\/14599"}],"collection":[{"href":"https:\/\/magenarquitectos.com\/en\/wp-json\/wp\/v2\/posts"}],"about":[{"href":"https:\/\/magenarquitectos.com\/en\/wp-json\/wp\/v2\/types\/post"}],"author":[{"embeddable":true,"href":"https:\/\/magenarquitectos.com\/en\/wp-json\/wp\/v2\/users\/1"}],"replies":[{"embeddable":true,"href":"https:\/\/magenarquitectos.com\/en\/wp-json\/wp\/v2\/comments?post=14599"}],"version-history":[{"count":2,"href":"https:\/\/magenarquitectos.com\/en\/wp-json\/wp\/v2\/posts\/14599\/revisions"}],"predecessor-version":[{"id":14854,"href":"https:\/\/magenarquitectos.com\/en\/wp-json\/wp\/v2\/posts\/14599\/revisions\/14854"}],"wp:featuredmedia":[{"embeddable":true,"href":"https:\/\/magenarquitectos.com\/en\/wp-json\/wp\/v2\/media\/14600"}],"wp:attachment":[{"href":"https:\/\/magenarquitectos.com\/en\/wp-json\/wp\/v2\/media?parent=14599"}],"wp:term":[{"taxonomy":"category","embeddable":true,"href":"https:\/\/magenarquitectos.com\/en\/wp-json\/wp\/v2\/categories?post=14599"},{"taxonomy":"post_tag","embeddable":true,"href":"https:\/\/magenarquitectos.com\/en\/wp-json\/wp\/v2\/tags?post=14599"}],"curies":[{"name":"wp","href":"https:\/\/api.w.org\/{rel}","templated":true}]}}