{"id":14808,"date":"2021-11-02T09:28:00","date_gmt":"2021-11-02T09:28:00","guid":{"rendered":"https:\/\/magenarquitectos.com\/?p=14808"},"modified":"2021-11-01T18:37:49","modified_gmt":"2021-11-01T18:37:49","slug":"entrega-del-premio-europeo-de-arquitectura-philip-rothier","status":"publish","type":"post","link":"https:\/\/magenarquitectos.com\/en\/entrega-del-premio-europeo-de-arquitectura-philip-rothier\/","title":{"rendered":"Entrega del Premio Europeo de Arquitectura  Philip Rothier"},"content":{"rendered":"\n<p>El s\u00e1bado 23 de octubre se celebr\u00f3 el acto de entrega del Premio Europeo de Arquitectura Philip Rothier en el CIVA de Bruselas. El Consejero de la Embajada de Espa\u00f1a en Bruselas, D. Adri\u00e1n Romero, entreg\u00f3 a Jaime Mag\u00e9n la Menci\u00f3n por el Teatro-Auditorio de Illueca, otorgada por el jurado presidido por Maurice Culot<\/p>\n","protected":false},"excerpt":{"rendered":"<p>El s\u00e1bado 23 de octubre se celebr\u00f3 el acto de entrega del Premio Europeo de Arquitectura Philip Rothier en el CIVA de Bruselas. El Consejero de la Embajada de Espa\u00f1a en Bruselas, D. Adri\u00e1n Romero, entreg\u00f3 a Jaime Mag\u00e9n la Menci\u00f3n por el Teatro-Auditorio de Illueca, otorgada por el jurado presidido por Maurice Culot<\/p>\n","protected":false},"author":1,"featured_media":14810,"comment_status":"open","ping_status":"open","sticky":false,"template":"","format":"standard","meta":{"_monsterinsights_skip_tracking":false,"_monsterinsights_sitenote_active":false,"_monsterinsights_sitenote_note":"","_monsterinsights_sitenote_category":0},"categories":[195,65,66,113],"tags":[115,106,62,221,70,74],"_links":{"self":[{"href":"https:\/\/magenarquitectos.com\/en\/wp-json\/wp\/v2\/posts\/14808"}],"collection":[{"href":"https:\/\/magenarquitectos.com\/en\/wp-json\/wp\/v2\/posts"}],"about":[{"href":"https:\/\/magenarquitectos.com\/en\/wp-json\/wp\/v2\/types\/post"}],"author":[{"embeddable":true,"href":"https:\/\/magenarquitectos.com\/en\/wp-json\/wp\/v2\/users\/1"}],"replies":[{"embeddable":true,"href":"https:\/\/magenarquitectos.com\/en\/wp-json\/wp\/v2\/comments?post=14808"}],"version-history":[{"count":1,"href":"https:\/\/magenarquitectos.com\/en\/wp-json\/wp\/v2\/posts\/14808\/revisions"}],"predecessor-version":[{"id":14812,"href":"https:\/\/magenarquitectos.com\/en\/wp-json\/wp\/v2\/posts\/14808\/revisions\/14812"}],"wp:featuredmedia":[{"embeddable":true,"href":"https:\/\/magenarquitectos.com\/en\/wp-json\/wp\/v2\/media\/14810"}],"wp:attachment":[{"href":"https:\/\/magenarquitectos.com\/en\/wp-json\/wp\/v2\/media?parent=14808"}],"wp:term":[{"taxonomy":"category","embeddable":true,"href":"https:\/\/magenarquitectos.com\/en\/wp-json\/wp\/v2\/categories?post=14808"},{"taxonomy":"post_tag","embeddable":true,"href":"https:\/\/magenarquitectos.com\/en\/wp-json\/wp\/v2\/tags?post=14808"}],"curies":[{"name":"wp","href":"https:\/\/api.w.org\/{rel}","templated":true}]}}