{"id":14817,"date":"2021-11-09T09:00:00","date_gmt":"2021-11-09T09:00:00","guid":{"rendered":"https:\/\/magenarquitectos.com\/?p=14817"},"modified":"2021-11-06T17:52:29","modified_gmt":"2021-11-06T17:52:29","slug":"14817-2","status":"publish","type":"post","link":"https:\/\/magenarquitectos.com\/en\/14817-2\/","title":{"rendered":"La Rehabilitaci\u00f3n de los Juzgados de Alejandro de la Sota, finalista de los Premios de la Edificaci\u00f3n Aragonesa"},"content":{"rendered":"\n<p>La Rehabilitaci\u00f3n de los Juzgados de Alejandro de la Sota es uno de los Finalistas de los Premios de la Edificaci\u00f3n Aragonesa en la categor\u00eda de &#8220;Mejor actuaci\u00f3n de rehabilitaci\u00f3n edificatoria&#8221;. Los ganadores se dar\u00e1n a conocer en la II Gala Aragonesa de la Edificaci\u00f3n, que se celebrara el pr\u00f3ximo 12 de noviembre en el Palacio de Congresos de Zaragoza. <\/p>\n\n\n\n<p>+info: <a href=\"http:\/\/magenarquitectos.com\/rehabilitacion-de-los-juzgados-de-sota-zaragoza\/\">Rehabilitaci\u00f3n Juzgados<\/a>, <a href=\"http:\/\/english.magenarquitectos.com\/renovation-of-courthouse-by-alejandro-de-la-sota-zaragoza\/\">Courthouse Renovation<\/a><\/p>\n","protected":false},"excerpt":{"rendered":"<p>La Rehabilitaci\u00f3n de los Juzgados de Alejandro de la Sota es uno de los Finalistas de los Premios de la Edificaci\u00f3n Aragonesa en la categor\u00eda de &#8220;Mejor actuaci\u00f3n de rehabilitaci\u00f3n edificatoria&#8221;. Los ganadores se dar\u00e1n a conocer en la II Gala Aragonesa de la Edificaci\u00f3n, que se celebrara el pr\u00f3ximo 12 de noviembre en el [&hellip;]<\/p>\n","protected":false},"author":1,"featured_media":14825,"comment_status":"open","ping_status":"open","sticky":false,"template":"","format":"standard","meta":{"_monsterinsights_skip_tracking":false,"_monsterinsights_sitenote_active":false,"_monsterinsights_sitenote_note":"","_monsterinsights_sitenote_category":0},"categories":[195,77,113,92],"tags":[115,93,94,74],"_links":{"self":[{"href":"https:\/\/magenarquitectos.com\/en\/wp-json\/wp\/v2\/posts\/14817"}],"collection":[{"href":"https:\/\/magenarquitectos.com\/en\/wp-json\/wp\/v2\/posts"}],"about":[{"href":"https:\/\/magenarquitectos.com\/en\/wp-json\/wp\/v2\/types\/post"}],"author":[{"embeddable":true,"href":"https:\/\/magenarquitectos.com\/en\/wp-json\/wp\/v2\/users\/1"}],"replies":[{"embeddable":true,"href":"https:\/\/magenarquitectos.com\/en\/wp-json\/wp\/v2\/comments?post=14817"}],"version-history":[{"count":3,"href":"https:\/\/magenarquitectos.com\/en\/wp-json\/wp\/v2\/posts\/14817\/revisions"}],"predecessor-version":[{"id":14828,"href":"https:\/\/magenarquitectos.com\/en\/wp-json\/wp\/v2\/posts\/14817\/revisions\/14828"}],"wp:featuredmedia":[{"embeddable":true,"href":"https:\/\/magenarquitectos.com\/en\/wp-json\/wp\/v2\/media\/14825"}],"wp:attachment":[{"href":"https:\/\/magenarquitectos.com\/en\/wp-json\/wp\/v2\/media?parent=14817"}],"wp:term":[{"taxonomy":"category","embeddable":true,"href":"https:\/\/magenarquitectos.com\/en\/wp-json\/wp\/v2\/categories?post=14817"},{"taxonomy":"post_tag","embeddable":true,"href":"https:\/\/magenarquitectos.com\/en\/wp-json\/wp\/v2\/tags?post=14817"}],"curies":[{"name":"wp","href":"https:\/\/api.w.org\/{rel}","templated":true}]}}