{"id":1484,"date":"2010-07-12T08:15:42","date_gmt":"2010-07-12T08:15:42","guid":{"rendered":"http:\/\/magenarquitectos.wordpress.com\/?p=1484"},"modified":"2021-06-17T10:18:30","modified_gmt":"2021-06-17T10:18:30","slug":"seleccion-de-arquitectura-de-espana-plataforma-arquitectura","status":"publish","type":"post","link":"https:\/\/magenarquitectos.com\/en\/seleccion-de-arquitectura-de-espana-plataforma-arquitectura\/","title":{"rendered":"Selecci\u00f3n de Arquitectura de Espa\u00f1a. Plataforma Arquitectura."},"content":{"rendered":"<p style=\"text-align:center;\"><img loading=\"lazy\" class=\"aligncenter size-full wp-image-1487\" title=\"IMAGEN 06\" src=\"http:\/\/magenarquitectos.files.wordpress.com\/2010\/07\/imagen-06.jpg\" alt=\"\" width=\"378\" height=\"163\"><\/p>\n<p>La\u00a0 Sede del Servicio de Medio Ambiente, de Mag\u00e9n Arquitectos, en la selecci\u00f3n de Arquitectura Espa\u00f1ola hecha por Plataforma Arquitectura.<\/p>\n<p>Environmental Unit Headquarters, by Mag\u00e9n Arquitectos, included in the Spanish Architecture selection done by Plataforma Arquitectura.<\/p>\n<p>M\u00e1s informaci\u00f3n: http:\/\/www.plataformaarquitectura.cl\/2010\/07\/07\/plataforma-especial-seleccion-de-arquitectura-de-espana\/<\/p>\n","protected":false},"excerpt":{"rendered":"<p>La\u00a0 Sede del Servicio de Medio Ambiente, de Mag\u00e9n Arquitectos, en la selecci\u00f3n de Arquitectura Espa\u00f1ola hecha por Plataforma Arquitectura. Environmental Unit Headquarters, by Mag\u00e9n Arquitectos, included in the Spanish Architecture selection done by Plataforma Arquitectura. M\u00e1s informaci\u00f3n: http:\/\/www.plataformaarquitectura.cl\/2010\/07\/07\/plataforma-especial-seleccion-de-arquitectura-de-espana\/<\/p>\n","protected":false},"author":1,"featured_media":0,"comment_status":"open","ping_status":"open","sticky":false,"template":"","format":"standard","meta":{"_monsterinsights_skip_tracking":false,"_monsterinsights_sitenote_active":false,"_monsterinsights_sitenote_note":"","_monsterinsights_sitenote_category":0},"categories":[76,77,65,90],"tags":[79,80,89,81,82,83,121,74],"_links":{"self":[{"href":"https:\/\/magenarquitectos.com\/en\/wp-json\/wp\/v2\/posts\/1484"}],"collection":[{"href":"https:\/\/magenarquitectos.com\/en\/wp-json\/wp\/v2\/posts"}],"about":[{"href":"https:\/\/magenarquitectos.com\/en\/wp-json\/wp\/v2\/types\/post"}],"author":[{"embeddable":true,"href":"https:\/\/magenarquitectos.com\/en\/wp-json\/wp\/v2\/users\/1"}],"replies":[{"embeddable":true,"href":"https:\/\/magenarquitectos.com\/en\/wp-json\/wp\/v2\/comments?post=1484"}],"version-history":[{"count":1,"href":"https:\/\/magenarquitectos.com\/en\/wp-json\/wp\/v2\/posts\/1484\/revisions"}],"predecessor-version":[{"id":13892,"href":"https:\/\/magenarquitectos.com\/en\/wp-json\/wp\/v2\/posts\/1484\/revisions\/13892"}],"wp:attachment":[{"href":"https:\/\/magenarquitectos.com\/en\/wp-json\/wp\/v2\/media?parent=1484"}],"wp:term":[{"taxonomy":"category","embeddable":true,"href":"https:\/\/magenarquitectos.com\/en\/wp-json\/wp\/v2\/categories?post=1484"},{"taxonomy":"post_tag","embeddable":true,"href":"https:\/\/magenarquitectos.com\/en\/wp-json\/wp\/v2\/tags?post=1484"}],"curies":[{"name":"wp","href":"https:\/\/api.w.org\/{rel}","templated":true}]}}