{"id":14841,"date":"2021-11-25T11:47:03","date_gmt":"2021-11-25T11:47:03","guid":{"rendered":"https:\/\/magenarquitectos.com\/?p=14841"},"modified":"2021-11-25T11:47:59","modified_gmt":"2021-11-25T11:47:59","slug":"visita-a-las-obras-de-la-facultad-de-filosofia-y-letras-de-la-universidad-de-zaragoza","status":"publish","type":"post","link":"https:\/\/magenarquitectos.com\/en\/visita-a-las-obras-de-la-facultad-de-filosofia-y-letras-de-la-universidad-de-zaragoza\/","title":{"rendered":"Visita a las obras de la Facultad de Filosof\u00eda y Letras de la Universidad de Zaragoza"},"content":{"rendered":"\n<p>El Presidente del Gobierno de Arag\u00f3n, Javier Lamb\u00e1n, acompa\u00f1ado por la Consejera de Ciencia y Universidad, Maru D\u00edaz, y el Rector de la Universidad de Zaragoza, Jos\u00e9 Antonio Mayoral, han visitado las obras de la Reforma y Ampliaci\u00f3n de la Facultad de Filosof\u00eda y Letras de la Universidad de Zaragoza.<\/p>\n\n\n\n<p>+info:  <a href=\"https:\/\/magenarquitectos.com\/proyectos\/facultad-de-filosofia-y-letras-universidad-de-zaragoza\/\">Facultad de Filosof\u00eda y Letras<\/a>, <a href=\"https:\/\/magenarquitectos.com\/en\/projects\/facultad-de-filosofia-y-letras-universidad-de-zaragoza\/\">Philosophy Faculty<\/a><\/p>\n\n\n\n<p>+info: <a href=\"https:\/\/www.heraldo.es\/multimedia\/imagenes\/aragon\/zaragoza\/la-facultad-de-filosofia-y-letras-estara-en-funcionamiento-para-principios-de-2023\/\" rel=\"nofollow noopener\" target=\"_blank\">Heraldo de Arag\u00f3n<\/a>, <a href=\"https:\/\/www.elperiodicodearagon.com\/videos\/aragon\/2021\/11\/24\/avanzan-obras-facultad-filosofia-letras-59905971.html\" rel=\"nofollow noopener\" target=\"_blank\">El Peri\u00f3dico de Arag\u00f3n<\/a><\/p>\n\n\n\n<figure class=\"wp-block-image size-full\"><img loading=\"lazy\" width=\"886\" height=\"591\" src=\"https:\/\/magenarquitectos.com\/wp-content\/uploads\/2021\/11\/filosofia_visita_2.jpeg\" alt=\"Magen Arquitectos Zaragoza\" class=\"wp-image-14844\" srcset=\"https:\/\/magenarquitectos.com\/wp-content\/uploads\/2021\/11\/filosofia_visita_2.jpeg 886w, https:\/\/magenarquitectos.com\/wp-content\/uploads\/2021\/11\/filosofia_visita_2-300x200.jpeg 300w, https:\/\/magenarquitectos.com\/wp-content\/uploads\/2021\/11\/filosofia_visita_2-768x512.jpeg 768w\" sizes=\"(max-width: 886px) 100vw, 886px\" title=\"\"><\/figure>\n","protected":false},"excerpt":{"rendered":"<p>El Presidente del Gobierno de Arag\u00f3n, Javier Lamb\u00e1n, acompa\u00f1ado por la Consejera de Ciencia y Universidad, Maru D\u00edaz, y el Rector de la Universidad de Zaragoza, Jos\u00e9 Antonio Mayoral, han visitado las obras de la Reforma y Ampliaci\u00f3n de la Facultad de Filosof\u00eda y Letras de la Universidad de Zaragoza. +info: Facultad de Filosof\u00eda y [&hellip;]<\/p>\n","protected":false},"author":1,"featured_media":14842,"comment_status":"open","ping_status":"open","sticky":false,"template":"","format":"standard","meta":{"_monsterinsights_skip_tracking":false,"_monsterinsights_sitenote_active":false,"_monsterinsights_sitenote_note":"","_monsterinsights_sitenote_category":0},"categories":[76,97,65,139,117],"tags":[115,80,140,93,94,82,83,166,74],"_links":{"self":[{"href":"https:\/\/magenarquitectos.com\/en\/wp-json\/wp\/v2\/posts\/14841"}],"collection":[{"href":"https:\/\/magenarquitectos.com\/en\/wp-json\/wp\/v2\/posts"}],"about":[{"href":"https:\/\/magenarquitectos.com\/en\/wp-json\/wp\/v2\/types\/post"}],"author":[{"embeddable":true,"href":"https:\/\/magenarquitectos.com\/en\/wp-json\/wp\/v2\/users\/1"}],"replies":[{"embeddable":true,"href":"https:\/\/magenarquitectos.com\/en\/wp-json\/wp\/v2\/comments?post=14841"}],"version-history":[{"count":1,"href":"https:\/\/magenarquitectos.com\/en\/wp-json\/wp\/v2\/posts\/14841\/revisions"}],"predecessor-version":[{"id":14848,"href":"https:\/\/magenarquitectos.com\/en\/wp-json\/wp\/v2\/posts\/14841\/revisions\/14848"}],"wp:featuredmedia":[{"embeddable":true,"href":"https:\/\/magenarquitectos.com\/en\/wp-json\/wp\/v2\/media\/14842"}],"wp:attachment":[{"href":"https:\/\/magenarquitectos.com\/en\/wp-json\/wp\/v2\/media?parent=14841"}],"wp:term":[{"taxonomy":"category","embeddable":true,"href":"https:\/\/magenarquitectos.com\/en\/wp-json\/wp\/v2\/categories?post=14841"},{"taxonomy":"post_tag","embeddable":true,"href":"https:\/\/magenarquitectos.com\/en\/wp-json\/wp\/v2\/tags?post=14841"}],"curies":[{"name":"wp","href":"https:\/\/api.w.org\/{rel}","templated":true}]}}