{"id":14850,"date":"2021-12-09T09:30:00","date_gmt":"2021-12-09T09:30:00","guid":{"rendered":"https:\/\/magenarquitectos.com\/?p=14850"},"modified":"2021-11-29T19:19:42","modified_gmt":"2021-11-29T19:19:42","slug":"magen-arquitectos-proyecta-la-reforma-de-la-residencia-de-mayores-de-borja","status":"publish","type":"post","link":"https:\/\/magenarquitectos.com\/en\/magen-arquitectos-proyecta-la-reforma-de-la-residencia-de-mayores-de-borja\/","title":{"rendered":"Mag\u00e9n Arquitectos proyecta la Reforma de la Residencia de Mayores de Borja"},"content":{"rendered":"\n<p>Mag\u00e9n Arquitectos ha&nbsp;resultado ganador del concurso convocado por el&nbsp; Gobierno de Arag\u00f3n para el proyecto de reforma&nbsp;de la Residencia de Mayores de Borja. El proyecto plantea la creaci\u00f3n de unidades de convivencia, incorporando el modelo de Atenci\u00f3n Integral Centrada en la Persona (AICP), y la mejora energ\u00e9tica  de la envolvente del edificio.<\/p>\n\n\n\n<p><\/p>\n","protected":false},"excerpt":{"rendered":"<p>Mag\u00e9n Arquitectos ha&nbsp;resultado ganador del concurso convocado por el&nbsp; Gobierno de Arag\u00f3n para el proyecto de reforma&nbsp;de la Residencia de Mayores de Borja. El proyecto plantea la creaci\u00f3n de unidades de convivencia, incorporando el modelo de Atenci\u00f3n Integral Centrada en la Persona (AICP), y la mejora energ\u00e9tica de la envolvente del edificio.<\/p>\n","protected":false},"author":1,"featured_media":14855,"comment_status":"open","ping_status":"open","sticky":false,"template":"","format":"standard","meta":{"_monsterinsights_skip_tracking":false,"_monsterinsights_sitenote_active":false,"_monsterinsights_sitenote_note":"","_monsterinsights_sitenote_category":0},"categories":[202,75,76,78,65,223,92,131],"tags":[115,80,93,94,228,82,83,74],"_links":{"self":[{"href":"https:\/\/magenarquitectos.com\/en\/wp-json\/wp\/v2\/posts\/14850"}],"collection":[{"href":"https:\/\/magenarquitectos.com\/en\/wp-json\/wp\/v2\/posts"}],"about":[{"href":"https:\/\/magenarquitectos.com\/en\/wp-json\/wp\/v2\/types\/post"}],"author":[{"embeddable":true,"href":"https:\/\/magenarquitectos.com\/en\/wp-json\/wp\/v2\/users\/1"}],"replies":[{"embeddable":true,"href":"https:\/\/magenarquitectos.com\/en\/wp-json\/wp\/v2\/comments?post=14850"}],"version-history":[{"count":2,"href":"https:\/\/magenarquitectos.com\/en\/wp-json\/wp\/v2\/posts\/14850\/revisions"}],"predecessor-version":[{"id":14858,"href":"https:\/\/magenarquitectos.com\/en\/wp-json\/wp\/v2\/posts\/14850\/revisions\/14858"}],"wp:featuredmedia":[{"embeddable":true,"href":"https:\/\/magenarquitectos.com\/en\/wp-json\/wp\/v2\/media\/14855"}],"wp:attachment":[{"href":"https:\/\/magenarquitectos.com\/en\/wp-json\/wp\/v2\/media?parent=14850"}],"wp:term":[{"taxonomy":"category","embeddable":true,"href":"https:\/\/magenarquitectos.com\/en\/wp-json\/wp\/v2\/categories?post=14850"},{"taxonomy":"post_tag","embeddable":true,"href":"https:\/\/magenarquitectos.com\/en\/wp-json\/wp\/v2\/tags?post=14850"}],"curies":[{"name":"wp","href":"https:\/\/api.w.org\/{rel}","templated":true}]}}