{"id":14872,"date":"2021-12-14T09:08:00","date_gmt":"2021-12-14T09:08:00","guid":{"rendered":"https:\/\/magenarquitectos.com\/?p=14872"},"modified":"2021-12-16T09:02:56","modified_gmt":"2021-12-16T09:02:56","slug":"el-pabellon-de-hosteleria-del-cdm-el-olivaar-en-metalocus","status":"publish","type":"post","link":"https:\/\/magenarquitectos.com\/en\/el-pabellon-de-hosteleria-del-cdm-el-olivaar-en-metalocus\/","title":{"rendered":"El pabell\u00f3n de hosteler\u00eda del CDM El Olivar, en Metalocus"},"content":{"rendered":"\n<p>El portal de arquitectura METALOCUS publica el pabell\u00f3n de hosteler\u00eda del CDM El Olivar,&nbsp;obra reciente de Mag\u00e9n Arquitectos. <a href=\"https:\/\/www.metalocus.es\/es\/noticias\/un-mundo-de-arcos-pabellon-de-hosteleria-del-club-deportivo-miralbueno-el-olivar-por-magen-arquitectos\" rel=\"nofollow noopener\" target=\"_blank\">Art\u00edculo completo<\/a><\/p>\n\n\n\n<p>METALOCUS&nbsp; features one of the latest projects of Magen Arquitectos, the hostelry pavilion of CDM El Olivar. <a href=\"https:\/\/www.metalocus.es\/en\/news\/a-world-arches-hostelry-pavilion-miralbueno-sports-club-el-olivar-magen-arquitectos\" rel=\"nofollow noopener\" target=\"_blank\">Full Article&nbsp;<\/a><\/p>\n","protected":false},"excerpt":{"rendered":"<p>El portal de arquitectura METALOCUS publica el pabell\u00f3n de hosteler\u00eda del CDM El Olivar,&nbsp;obra reciente de Mag\u00e9n Arquitectos. Art\u00edculo completo METALOCUS&nbsp; features one of the latest projects of Magen Arquitectos, the hostelry pavilion of CDM El Olivar. Full Article&nbsp;<\/p>\n","protected":false},"author":1,"featured_media":14875,"comment_status":"open","ping_status":"open","sticky":false,"template":"","format":"standard","meta":{"_monsterinsights_skip_tracking":false,"_monsterinsights_sitenote_active":false,"_monsterinsights_sitenote_note":"","_monsterinsights_sitenote_category":0},"categories":[67,90,194],"tags":[115,210,71,74],"_links":{"self":[{"href":"https:\/\/magenarquitectos.com\/en\/wp-json\/wp\/v2\/posts\/14872"}],"collection":[{"href":"https:\/\/magenarquitectos.com\/en\/wp-json\/wp\/v2\/posts"}],"about":[{"href":"https:\/\/magenarquitectos.com\/en\/wp-json\/wp\/v2\/types\/post"}],"author":[{"embeddable":true,"href":"https:\/\/magenarquitectos.com\/en\/wp-json\/wp\/v2\/users\/1"}],"replies":[{"embeddable":true,"href":"https:\/\/magenarquitectos.com\/en\/wp-json\/wp\/v2\/comments?post=14872"}],"version-history":[{"count":2,"href":"https:\/\/magenarquitectos.com\/en\/wp-json\/wp\/v2\/posts\/14872\/revisions"}],"predecessor-version":[{"id":14882,"href":"https:\/\/magenarquitectos.com\/en\/wp-json\/wp\/v2\/posts\/14872\/revisions\/14882"}],"wp:featuredmedia":[{"embeddable":true,"href":"https:\/\/magenarquitectos.com\/en\/wp-json\/wp\/v2\/media\/14875"}],"wp:attachment":[{"href":"https:\/\/magenarquitectos.com\/en\/wp-json\/wp\/v2\/media?parent=14872"}],"wp:term":[{"taxonomy":"category","embeddable":true,"href":"https:\/\/magenarquitectos.com\/en\/wp-json\/wp\/v2\/categories?post=14872"},{"taxonomy":"post_tag","embeddable":true,"href":"https:\/\/magenarquitectos.com\/en\/wp-json\/wp\/v2\/tags?post=14872"}],"curies":[{"name":"wp","href":"https:\/\/api.w.org\/{rel}","templated":true}]}}