{"id":14914,"date":"2022-01-11T09:30:00","date_gmt":"2022-01-11T09:30:00","guid":{"rendered":"https:\/\/magenarquitectos.com\/?p=14914"},"modified":"2022-01-07T13:04:23","modified_gmt":"2022-01-07T13:04:23","slug":"rebelion-en-las-aulas-escala-humana-rtve","status":"publish","type":"post","link":"https:\/\/magenarquitectos.com\/en\/rebelion-en-las-aulas-escala-humana-rtve\/","title":{"rendered":"&#8220;Rebeli\u00f3n en las aulas&#8221; Escala humana. RTVE"},"content":{"rendered":"\n<p>El CEIP Rosales del Canal, incluido en el episodio &#8220;Rebeli\u00f3n en las aulas&#8221; del programa &#8220;Escala humana&#8221; de RTVE.<\/p>\n\n\n\n<p>SINOPSIS: La distribuci\u00f3n de los espacios en una escuela nos aportan mucha informaci\u00f3n sobre el m\u00e9todo pedag\u00f3gico en el que se basa dicho centro escolar. Por eso la arquitectura puede ser una gran aliada en los procesos de aprendizaje. \u00bfEst\u00e1 ayudando la arquitectura a renovar la educaci\u00f3n?<\/p>\n\n\n\n<p>+info: <a href=\"https:\/\/www.rtve.es\/play\/videos\/escala-humana\/rebelion-aulas\/6134123\/\" rel=\"nofollow noopener\" target=\"_blank\">Escala Humana<\/a><\/p>\n\n\n\n<p>+ info: <a href=\"https:\/\/magenarquitectos.com\/proyectos\/c-e-i-p-rosales-del-canal\/\">CEIP Rosales del Canal<\/a>,<a href=\"https:\/\/magenarquitectos.com\/en\/projects\/school-complex-rosales-del-canal\/\"> School complex Rosales del Canal<\/a><\/p>\n","protected":false},"excerpt":{"rendered":"<p>El CEIP Rosales del Canal, incluido en el episodio &#8220;Rebeli\u00f3n en las aulas&#8221; del programa &#8220;Escala humana&#8221; de RTVE. SINOPSIS: La distribuci\u00f3n de los espacios en una escuela nos aportan mucha informaci\u00f3n sobre el m\u00e9todo pedag\u00f3gico en el que se basa dicho centro escolar. Por eso la arquitectura puede ser una gran aliada en los [&hellip;]<\/p>\n","protected":false},"author":1,"featured_media":14915,"comment_status":"open","ping_status":"open","sticky":false,"template":"","format":"standard","meta":{"_monsterinsights_skip_tracking":false,"_monsterinsights_sitenote_active":false,"_monsterinsights_sitenote_note":"","_monsterinsights_sitenote_category":0},"categories":[65,139,90,194,146],"tags":[115,134,80,140,141,142,143,74],"_links":{"self":[{"href":"https:\/\/magenarquitectos.com\/en\/wp-json\/wp\/v2\/posts\/14914"}],"collection":[{"href":"https:\/\/magenarquitectos.com\/en\/wp-json\/wp\/v2\/posts"}],"about":[{"href":"https:\/\/magenarquitectos.com\/en\/wp-json\/wp\/v2\/types\/post"}],"author":[{"embeddable":true,"href":"https:\/\/magenarquitectos.com\/en\/wp-json\/wp\/v2\/users\/1"}],"replies":[{"embeddable":true,"href":"https:\/\/magenarquitectos.com\/en\/wp-json\/wp\/v2\/comments?post=14914"}],"version-history":[{"count":1,"href":"https:\/\/magenarquitectos.com\/en\/wp-json\/wp\/v2\/posts\/14914\/revisions"}],"predecessor-version":[{"id":14917,"href":"https:\/\/magenarquitectos.com\/en\/wp-json\/wp\/v2\/posts\/14914\/revisions\/14917"}],"wp:featuredmedia":[{"embeddable":true,"href":"https:\/\/magenarquitectos.com\/en\/wp-json\/wp\/v2\/media\/14915"}],"wp:attachment":[{"href":"https:\/\/magenarquitectos.com\/en\/wp-json\/wp\/v2\/media?parent=14914"}],"wp:term":[{"taxonomy":"category","embeddable":true,"href":"https:\/\/magenarquitectos.com\/en\/wp-json\/wp\/v2\/categories?post=14914"},{"taxonomy":"post_tag","embeddable":true,"href":"https:\/\/magenarquitectos.com\/en\/wp-json\/wp\/v2\/tags?post=14914"}],"curies":[{"name":"wp","href":"https:\/\/api.w.org\/{rel}","templated":true}]}}