{"id":14926,"date":"2022-01-18T13:17:50","date_gmt":"2022-01-18T13:17:50","guid":{"rendered":"https:\/\/magenarquitectos.com\/?p=14926"},"modified":"2022-01-18T13:37:07","modified_gmt":"2022-01-18T13:37:07","slug":"el-teatro-auditorio-de-illueca-en-diseno-interior","status":"publish","type":"post","link":"https:\/\/magenarquitectos.com\/en\/el-teatro-auditorio-de-illueca-en-diseno-interior\/","title":{"rendered":"&#8220;Expresion cer\u00e1mica&#8221; El Teatro-Auditorio de Illueca, en Dise\u00f1o Interior"},"content":{"rendered":"\n<p>La revista de Arquitectura, Interiorismo y Dise\u00f1o, DISE\u00d1O INTERIOR, publica en su n\u00famero 346  un reportaje sobre el Teatro-Auditorio de Illueca, obra reciente de Mag\u00e9n Arquitectos.<\/p>\n\n\n\n<p>Madrid-based magazine DISE\u00d1O INTERIOR, devoted to architecture and interior design, features one of the latest projects of Magen Arquitectos, the Theatre-Auditorium in Illueca.<\/p>\n\n\n\n<p> <\/p>\n\n\n\n<p>+ info: <a href=\"https:\/\/magenarquitectos.com\/proyectos\/auditorio-de-illueca\/\">Teatro-Auditorio de Illueca<\/a>, <a href=\"https:\/\/magenarquitectos.com\/en\/projects\/illueca-auditorium\/\">Theatre-Auditorium in Illueca<\/a><\/p>\n","protected":false},"excerpt":{"rendered":"<p>La revista de Arquitectura, Interiorismo y Dise\u00f1o, DISE\u00d1O INTERIOR, publica en su n\u00famero 346 un reportaje sobre el Teatro-Auditorio de Illueca, obra reciente de Mag\u00e9n Arquitectos. Madrid-based magazine DISE\u00d1O INTERIOR, devoted to architecture and interior design, features one of the latest projects of Magen Arquitectos, the Theatre-Auditorium in Illueca. + info: Teatro-Auditorio de Illueca, Theatre-Auditorium [&hellip;]<\/p>\n","protected":false},"author":1,"featured_media":14927,"comment_status":"open","ping_status":"open","sticky":false,"template":"","format":"standard","meta":{"_monsterinsights_skip_tracking":false,"_monsterinsights_sitenote_active":false,"_monsterinsights_sitenote_note":"","_monsterinsights_sitenote_category":0},"categories":[65,66,90,194],"tags":[115,106,221,74],"_links":{"self":[{"href":"https:\/\/magenarquitectos.com\/en\/wp-json\/wp\/v2\/posts\/14926"}],"collection":[{"href":"https:\/\/magenarquitectos.com\/en\/wp-json\/wp\/v2\/posts"}],"about":[{"href":"https:\/\/magenarquitectos.com\/en\/wp-json\/wp\/v2\/types\/post"}],"author":[{"embeddable":true,"href":"https:\/\/magenarquitectos.com\/en\/wp-json\/wp\/v2\/users\/1"}],"replies":[{"embeddable":true,"href":"https:\/\/magenarquitectos.com\/en\/wp-json\/wp\/v2\/comments?post=14926"}],"version-history":[{"count":3,"href":"https:\/\/magenarquitectos.com\/en\/wp-json\/wp\/v2\/posts\/14926\/revisions"}],"predecessor-version":[{"id":14931,"href":"https:\/\/magenarquitectos.com\/en\/wp-json\/wp\/v2\/posts\/14926\/revisions\/14931"}],"wp:featuredmedia":[{"embeddable":true,"href":"https:\/\/magenarquitectos.com\/en\/wp-json\/wp\/v2\/media\/14927"}],"wp:attachment":[{"href":"https:\/\/magenarquitectos.com\/en\/wp-json\/wp\/v2\/media?parent=14926"}],"wp:term":[{"taxonomy":"category","embeddable":true,"href":"https:\/\/magenarquitectos.com\/en\/wp-json\/wp\/v2\/categories?post=14926"},{"taxonomy":"post_tag","embeddable":true,"href":"https:\/\/magenarquitectos.com\/en\/wp-json\/wp\/v2\/tags?post=14926"}],"curies":[{"name":"wp","href":"https:\/\/api.w.org\/{rel}","templated":true}]}}