{"id":1505,"date":"2010-07-16T08:07:44","date_gmt":"2010-07-16T08:07:44","guid":{"rendered":"http:\/\/magenarquitectos.wordpress.com\/?p=1505"},"modified":"2021-06-17T10:18:28","modified_gmt":"2021-06-17T10:18:28","slug":"el-centro-de-educacion-infantil-rosales-del-canal-en-igloo-magazine","status":"publish","type":"post","link":"https:\/\/magenarquitectos.com\/en\/el-centro-de-educacion-infantil-rosales-del-canal-en-igloo-magazine\/","title":{"rendered":"El Centro de Educaci\u00f3n Infantil Rosales del Canal publicado en Igloo Magazine (Ruman\u00eda)"},"content":{"rendered":"<p>El Centro de Educaci\u00f3n Infantil Rosales del Canal,\u00a0 publicado en el n\u00famero 103-104\u00a0 la revista Igloo Magazine<\/p>\n<p>Romanian architectural publication &#8220;Igloo magazine&#8221;\u00a0 features the Kindergarten Rosales del Canal\u00a0 in its n\u00ba 103-104 issue.<\/p>\n<p style=\"text-align:center;\"><img loading=\"lazy\" class=\"aligncenter size-full wp-image-1508\" title=\"igloo_n103\" src=\"http:\/\/magenarquitectos.files.wordpress.com\/2010\/07\/igloo_n103.jpg\" alt=\"\" width=\"378\" height=\"506\"><\/p>\n","protected":false},"excerpt":{"rendered":"<p>El Centro de Educaci\u00f3n Infantil Rosales del Canal,\u00a0 publicado en el n\u00famero 103-104\u00a0 la revista Igloo Magazine Romanian architectural publication &#8220;Igloo magazine&#8221;\u00a0 features the Kindergarten Rosales del Canal\u00a0 in its n\u00ba 103-104 issue.<\/p>\n","protected":false},"author":1,"featured_media":0,"comment_status":"open","ping_status":"open","sticky":false,"template":"","format":"standard","meta":{"_monsterinsights_skip_tracking":false,"_monsterinsights_sitenote_active":false,"_monsterinsights_sitenote_note":"","_monsterinsights_sitenote_category":0},"categories":[65,139,90],"tags":[134,80,140,141,142,89,160,143,74],"_links":{"self":[{"href":"https:\/\/magenarquitectos.com\/en\/wp-json\/wp\/v2\/posts\/1505"}],"collection":[{"href":"https:\/\/magenarquitectos.com\/en\/wp-json\/wp\/v2\/posts"}],"about":[{"href":"https:\/\/magenarquitectos.com\/en\/wp-json\/wp\/v2\/types\/post"}],"author":[{"embeddable":true,"href":"https:\/\/magenarquitectos.com\/en\/wp-json\/wp\/v2\/users\/1"}],"replies":[{"embeddable":true,"href":"https:\/\/magenarquitectos.com\/en\/wp-json\/wp\/v2\/comments?post=1505"}],"version-history":[{"count":1,"href":"https:\/\/magenarquitectos.com\/en\/wp-json\/wp\/v2\/posts\/1505\/revisions"}],"predecessor-version":[{"id":13888,"href":"https:\/\/magenarquitectos.com\/en\/wp-json\/wp\/v2\/posts\/1505\/revisions\/13888"}],"wp:attachment":[{"href":"https:\/\/magenarquitectos.com\/en\/wp-json\/wp\/v2\/media?parent=1505"}],"wp:term":[{"taxonomy":"category","embeddable":true,"href":"https:\/\/magenarquitectos.com\/en\/wp-json\/wp\/v2\/categories?post=1505"},{"taxonomy":"post_tag","embeddable":true,"href":"https:\/\/magenarquitectos.com\/en\/wp-json\/wp\/v2\/tags?post=1505"}],"curies":[{"name":"wp","href":"https:\/\/api.w.org\/{rel}","templated":true}]}}