{"id":15143,"date":"2022-03-29T09:15:00","date_gmt":"2022-03-29T09:15:00","guid":{"rendered":"https:\/\/magenarquitectos.com\/?p=15143"},"modified":"2022-03-13T20:02:23","modified_gmt":"2022-03-13T20:02:23","slug":"arquitectura-de-hospitales-y-sanidad","status":"publish","type":"post","link":"https:\/\/magenarquitectos.com\/en\/arquitectura-de-hospitales-y-sanidad\/","title":{"rendered":"&#8220;Arquitectura de hospitales y Sanidad&#8221;"},"content":{"rendered":"\n<p>El Grupo V\u00eda organiza el Evento &#8220;Arquitectura de hospitales y Sanidad&#8221; el pr\u00f3ximo 6 de abril en Madrid, con la participaci\u00f3n de Francisco Javier Mag\u00e9n.<\/p>\n\n\n\n<p>&#8220;\u00bfVamos hacia un nuevo modelo de hospitales y residencias? Grupo V\u00eda organiza la 14\u00aa edici\u00f3n en Madrid de este evento centrado en el \u00e1mbito de los hospitales, cl\u00ednicas, espacios de salud, residencias y centros para mayores para analizar hacia d\u00f3nde se dirige la construcci\u00f3n sanitaria y socio-sanitaria a corto y medio plazo, con la participaci\u00f3n de los principales estudios especializados en arquitectura sanitaria y residencias y con compa\u00f1\u00edas l\u00edderes del sector.<\/p>\n\n\n\n<p>De la mano de los ponentes conoceremos algunos de los \u00faltimos proyectos de arquitectura en el sector de los hospitales y residencias, as\u00ed como el evento contar\u00e1 con un debate sobre hacia d\u00f3nde se dirige el dise\u00f1o de los proyectos de sanidad y centros de mayores, nuevas necesidades para los espacios de sanidad, claves para mejorar protocolos de seguridad y salud, ideas para sacar el m\u00e1ximo partido a los espacios, retos para el futuro, etc&#8221;<\/p>\n\n\n\n<p><a href=\"https:\/\/grupovia.net\/eventos\/arquitectura-de-hospitales-y-sanidad-madrid-2022\/\" title=\"https:\/\/grupovia.net\/eventos\/arquitectura-de-hospitales-y-sanidad-madrid-2022\/\" rel=\"nofollow noopener\" target=\"_blank\">Inscripciones<\/a><\/p>\n","protected":false},"excerpt":{"rendered":"<p>El Grupo V\u00eda organiza el Evento &#8220;Arquitectura de hospitales y Sanidad&#8221; el pr\u00f3ximo 6 de abril en Madrid, con la participaci\u00f3n de Francisco Javier Mag\u00e9n. &#8220;\u00bfVamos hacia un nuevo modelo de hospitales y residencias? Grupo V\u00eda organiza la 14\u00aa edici\u00f3n en Madrid de este evento centrado en el \u00e1mbito de los hospitales, cl\u00ednicas, espacios de [&hellip;]<\/p>\n","protected":false},"author":1,"featured_media":15145,"comment_status":"open","ping_status":"open","sticky":false,"template":"","format":"standard","meta":{"_monsterinsights_skip_tracking":false,"_monsterinsights_sitenote_active":false,"_monsterinsights_sitenote_note":"","_monsterinsights_sitenote_category":0},"categories":[196,223,217],"tags":[115,129,216,224,74],"_links":{"self":[{"href":"https:\/\/magenarquitectos.com\/en\/wp-json\/wp\/v2\/posts\/15143"}],"collection":[{"href":"https:\/\/magenarquitectos.com\/en\/wp-json\/wp\/v2\/posts"}],"about":[{"href":"https:\/\/magenarquitectos.com\/en\/wp-json\/wp\/v2\/types\/post"}],"author":[{"embeddable":true,"href":"https:\/\/magenarquitectos.com\/en\/wp-json\/wp\/v2\/users\/1"}],"replies":[{"embeddable":true,"href":"https:\/\/magenarquitectos.com\/en\/wp-json\/wp\/v2\/comments?post=15143"}],"version-history":[{"count":1,"href":"https:\/\/magenarquitectos.com\/en\/wp-json\/wp\/v2\/posts\/15143\/revisions"}],"predecessor-version":[{"id":15147,"href":"https:\/\/magenarquitectos.com\/en\/wp-json\/wp\/v2\/posts\/15143\/revisions\/15147"}],"wp:featuredmedia":[{"embeddable":true,"href":"https:\/\/magenarquitectos.com\/en\/wp-json\/wp\/v2\/media\/15145"}],"wp:attachment":[{"href":"https:\/\/magenarquitectos.com\/en\/wp-json\/wp\/v2\/media?parent=15143"}],"wp:term":[{"taxonomy":"category","embeddable":true,"href":"https:\/\/magenarquitectos.com\/en\/wp-json\/wp\/v2\/categories?post=15143"},{"taxonomy":"post_tag","embeddable":true,"href":"https:\/\/magenarquitectos.com\/en\/wp-json\/wp\/v2\/tags?post=15143"}],"curies":[{"name":"wp","href":"https:\/\/api.w.org\/{rel}","templated":true}]}}