{"id":16328,"date":"2022-05-18T09:01:00","date_gmt":"2022-05-18T09:01:00","guid":{"rendered":"https:\/\/magenarquitectos.com\/?p=16328"},"modified":"2022-05-17T11:59:49","modified_gmt":"2022-05-17T11:59:49","slug":"magen-arquitectos-disenara-el-centro-de-emergencias-y-seguridad-ciudadana-de-huesca","status":"publish","type":"post","link":"https:\/\/magenarquitectos.com\/en\/magen-arquitectos-disenara-el-centro-de-emergencias-y-seguridad-ciudadana-de-huesca\/","title":{"rendered":"Mag\u00e9n Arquitectos dise\u00f1ar\u00e1 el Centro de Emergencias y Seguridad Ciudadana de Huesca"},"content":{"rendered":"\n<p>Mag\u00e9n Arquitectos dise\u00f1ar\u00e1 el Centro de Emergencias y Seguridad Ciudadana de Huesca, que albergar\u00e1 la sede del Parque de Bomberos y de la Polic\u00eda Local de Huesca. <\/p>\n\n\n\n<p><\/p>\n","protected":false},"excerpt":{"rendered":"<p>Mag\u00e9n Arquitectos dise\u00f1ar\u00e1 el Centro de Emergencias y Seguridad Ciudadana de Huesca, que albergar\u00e1 la sede del Parque de Bomberos y de la Polic\u00eda Local de Huesca.<\/p>\n","protected":false},"author":1,"featured_media":16329,"comment_status":"open","ping_status":"open","sticky":false,"template":"","format":"standard","meta":{"_monsterinsights_skip_tracking":false,"_monsterinsights_sitenote_active":false,"_monsterinsights_sitenote_note":"","_monsterinsights_sitenote_category":0},"categories":[202,75,77,65],"tags":[115,80,85,74],"_links":{"self":[{"href":"https:\/\/magenarquitectos.com\/en\/wp-json\/wp\/v2\/posts\/16328"}],"collection":[{"href":"https:\/\/magenarquitectos.com\/en\/wp-json\/wp\/v2\/posts"}],"about":[{"href":"https:\/\/magenarquitectos.com\/en\/wp-json\/wp\/v2\/types\/post"}],"author":[{"embeddable":true,"href":"https:\/\/magenarquitectos.com\/en\/wp-json\/wp\/v2\/users\/1"}],"replies":[{"embeddable":true,"href":"https:\/\/magenarquitectos.com\/en\/wp-json\/wp\/v2\/comments?post=16328"}],"version-history":[{"count":1,"href":"https:\/\/magenarquitectos.com\/en\/wp-json\/wp\/v2\/posts\/16328\/revisions"}],"predecessor-version":[{"id":16331,"href":"https:\/\/magenarquitectos.com\/en\/wp-json\/wp\/v2\/posts\/16328\/revisions\/16331"}],"wp:featuredmedia":[{"embeddable":true,"href":"https:\/\/magenarquitectos.com\/en\/wp-json\/wp\/v2\/media\/16329"}],"wp:attachment":[{"href":"https:\/\/magenarquitectos.com\/en\/wp-json\/wp\/v2\/media?parent=16328"}],"wp:term":[{"taxonomy":"category","embeddable":true,"href":"https:\/\/magenarquitectos.com\/en\/wp-json\/wp\/v2\/categories?post=16328"},{"taxonomy":"post_tag","embeddable":true,"href":"https:\/\/magenarquitectos.com\/en\/wp-json\/wp\/v2\/tags?post=16328"}],"curies":[{"name":"wp","href":"https:\/\/api.w.org\/{rel}","templated":true}]}}