{"id":16347,"date":"2022-05-12T09:00:00","date_gmt":"2022-05-12T09:00:00","guid":{"rendered":"https:\/\/magenarquitectos.com\/?p=16347"},"modified":"2022-04-30T20:03:15","modified_gmt":"2022-04-30T20:03:15","slug":"en-construccion-escuela-primaria-y-pabellon-polideportivo-spandau-berlin-3","status":"publish","type":"post","link":"https:\/\/magenarquitectos.com\/en\/en-construccion-escuela-primaria-y-pabellon-polideportivo-spandau-berlin-3\/","title":{"rendered":"En construcci\u00f3n: Escuela Primaria y Pabell\u00f3n Polideportivo. Spandau. Berl\u00edn"},"content":{"rendered":"\n<p>+info: <a href=\"https:\/\/magenarquitectos.com\/proyectos\/escuela-primaria-y-pabellon-polideportivo-spandau-berlin\/\">Escuela Primaria y Polideportivo. Spandau<\/a>, <a href=\"https:\/\/magenarquitectos.com\/en\/projects\/primary-school-and-sports-pavilion-spandau-berlin\/\">Primary School. Spandau<\/a><\/p>\n","protected":false},"excerpt":{"rendered":"<p>+info: Escuela Primaria y Polideportivo. Spandau, Primary School. Spandau<\/p>\n","protected":false},"author":1,"featured_media":16348,"comment_status":"open","ping_status":"open","sticky":false,"template":"","format":"standard","meta":{"_monsterinsights_skip_tracking":false,"_monsterinsights_sitenote_active":false,"_monsterinsights_sitenote_note":"","_monsterinsights_sitenote_category":0},"categories":[97,65,139,117],"tags":[114,115,229,134,80,140,176,74],"_links":{"self":[{"href":"https:\/\/magenarquitectos.com\/en\/wp-json\/wp\/v2\/posts\/16347"}],"collection":[{"href":"https:\/\/magenarquitectos.com\/en\/wp-json\/wp\/v2\/posts"}],"about":[{"href":"https:\/\/magenarquitectos.com\/en\/wp-json\/wp\/v2\/types\/post"}],"author":[{"embeddable":true,"href":"https:\/\/magenarquitectos.com\/en\/wp-json\/wp\/v2\/users\/1"}],"replies":[{"embeddable":true,"href":"https:\/\/magenarquitectos.com\/en\/wp-json\/wp\/v2\/comments?post=16347"}],"version-history":[{"count":1,"href":"https:\/\/magenarquitectos.com\/en\/wp-json\/wp\/v2\/posts\/16347\/revisions"}],"predecessor-version":[{"id":16350,"href":"https:\/\/magenarquitectos.com\/en\/wp-json\/wp\/v2\/posts\/16347\/revisions\/16350"}],"wp:featuredmedia":[{"embeddable":true,"href":"https:\/\/magenarquitectos.com\/en\/wp-json\/wp\/v2\/media\/16348"}],"wp:attachment":[{"href":"https:\/\/magenarquitectos.com\/en\/wp-json\/wp\/v2\/media?parent=16347"}],"wp:term":[{"taxonomy":"category","embeddable":true,"href":"https:\/\/magenarquitectos.com\/en\/wp-json\/wp\/v2\/categories?post=16347"},{"taxonomy":"post_tag","embeddable":true,"href":"https:\/\/magenarquitectos.com\/en\/wp-json\/wp\/v2\/tags?post=16347"}],"curies":[{"name":"wp","href":"https:\/\/api.w.org\/{rel}","templated":true}]}}