{"id":16371,"date":"2022-05-31T09:00:00","date_gmt":"2022-05-31T09:00:00","guid":{"rendered":"https:\/\/magenarquitectos.com\/?p=16371"},"modified":"2022-05-23T16:42:30","modified_gmt":"2022-05-23T16:42:30","slug":"magen-arquitectos-disenara-el-cipfp-valle-del-cidacos-en-calahorra","status":"publish","type":"post","link":"https:\/\/magenarquitectos.com\/en\/magen-arquitectos-disenara-el-cipfp-valle-del-cidacos-en-calahorra\/","title":{"rendered":"Mag\u00e9n Arquitectos dise\u00f1ar\u00e1 el CIPFP &#8220;Valle del Cidacos&#8221; en Calahorra"},"content":{"rendered":"\n<p>Mag\u00e9n Arquitectos ha resultado ganador del Concurso para el Proyecto del nuevo Centro Integrado P\u00fablico de Formaci\u00f3n Profesional &#8220;Valle del Cidacos&#8221; en Calahorra (La Rioja).<\/p>\n","protected":false},"excerpt":{"rendered":"<p>Mag\u00e9n Arquitectos ha resultado ganador del Concurso para el Proyecto del nuevo Centro Integrado P\u00fablico de Formaci\u00f3n Profesional &#8220;Valle del Cidacos&#8221; en Calahorra (La Rioja).<\/p>\n","protected":false},"author":1,"featured_media":16379,"comment_status":"open","ping_status":"open","sticky":false,"template":"","format":"standard","meta":{"_monsterinsights_skip_tracking":false,"_monsterinsights_sitenote_active":false,"_monsterinsights_sitenote_note":"","_monsterinsights_sitenote_category":0},"categories":[202,75,65,139],"tags":[115,134,80,140,74],"_links":{"self":[{"href":"https:\/\/magenarquitectos.com\/en\/wp-json\/wp\/v2\/posts\/16371"}],"collection":[{"href":"https:\/\/magenarquitectos.com\/en\/wp-json\/wp\/v2\/posts"}],"about":[{"href":"https:\/\/magenarquitectos.com\/en\/wp-json\/wp\/v2\/types\/post"}],"author":[{"embeddable":true,"href":"https:\/\/magenarquitectos.com\/en\/wp-json\/wp\/v2\/users\/1"}],"replies":[{"embeddable":true,"href":"https:\/\/magenarquitectos.com\/en\/wp-json\/wp\/v2\/comments?post=16371"}],"version-history":[{"count":1,"href":"https:\/\/magenarquitectos.com\/en\/wp-json\/wp\/v2\/posts\/16371\/revisions"}],"predecessor-version":[{"id":16374,"href":"https:\/\/magenarquitectos.com\/en\/wp-json\/wp\/v2\/posts\/16371\/revisions\/16374"}],"wp:featuredmedia":[{"embeddable":true,"href":"https:\/\/magenarquitectos.com\/en\/wp-json\/wp\/v2\/media\/16379"}],"wp:attachment":[{"href":"https:\/\/magenarquitectos.com\/en\/wp-json\/wp\/v2\/media?parent=16371"}],"wp:term":[{"taxonomy":"category","embeddable":true,"href":"https:\/\/magenarquitectos.com\/en\/wp-json\/wp\/v2\/categories?post=16371"},{"taxonomy":"post_tag","embeddable":true,"href":"https:\/\/magenarquitectos.com\/en\/wp-json\/wp\/v2\/tags?post=16371"}],"curies":[{"name":"wp","href":"https:\/\/api.w.org\/{rel}","templated":true}]}}