{"id":16375,"date":"2022-05-24T09:00:00","date_gmt":"2022-05-24T09:00:00","guid":{"rendered":"https:\/\/magenarquitectos.com\/?p=16375"},"modified":"2022-05-22T17:51:51","modified_gmt":"2022-05-22T17:51:51","slug":"curso-la-direccion-de-obra-procesos-y-agentes-intervinientes-coavn","status":"publish","type":"post","link":"https:\/\/magenarquitectos.com\/en\/curso-la-direccion-de-obra-procesos-y-agentes-intervinientes-coavn\/","title":{"rendered":"Curso &#8220;La Direcci\u00f3n de Obra. Procesos y Agentes intervinientes&#8221;. COAVN."},"content":{"rendered":"\n<p>Jaime Mag\u00e9n imparte el curso &#8220;La Direcci\u00f3n de Obra. Procesos y Agentes intervinientes&#8221; en el Colegio Oficial de Arquitectos Vasco-Navarro, delegaci\u00f3n de Gipuzkoa, el d\u00eda 26 de mayo. El curso propone el an\u00e1lisis tanto de las estrategias necesarias para la materializaci\u00f3n del proyecto y de las relaciones con todos los agentes implicados en la obra, como el entorno legislativo y las responsabilidades profesionales.<\/p>\n","protected":false},"excerpt":{"rendered":"<p>Jaime Mag\u00e9n imparte el curso &#8220;La Direcci\u00f3n de Obra. Procesos y Agentes intervinientes&#8221; en el Colegio Oficial de Arquitectos Vasco-Navarro, delegaci\u00f3n de Gipuzkoa, el d\u00eda 26 de mayo. El curso propone el an\u00e1lisis tanto de las estrategias necesarias para la materializaci\u00f3n del proyecto y de las relaciones con todos los agentes implicados en la obra, [&hellip;]<\/p>\n","protected":false},"author":1,"featured_media":16376,"comment_status":"open","ping_status":"open","sticky":false,"template":"","format":"standard","meta":{"_monsterinsights_skip_tracking":false,"_monsterinsights_sitenote_active":false,"_monsterinsights_sitenote_note":"","_monsterinsights_sitenote_category":0},"categories":[164,165],"tags":[115,74],"_links":{"self":[{"href":"https:\/\/magenarquitectos.com\/en\/wp-json\/wp\/v2\/posts\/16375"}],"collection":[{"href":"https:\/\/magenarquitectos.com\/en\/wp-json\/wp\/v2\/posts"}],"about":[{"href":"https:\/\/magenarquitectos.com\/en\/wp-json\/wp\/v2\/types\/post"}],"author":[{"embeddable":true,"href":"https:\/\/magenarquitectos.com\/en\/wp-json\/wp\/v2\/users\/1"}],"replies":[{"embeddable":true,"href":"https:\/\/magenarquitectos.com\/en\/wp-json\/wp\/v2\/comments?post=16375"}],"version-history":[{"count":1,"href":"https:\/\/magenarquitectos.com\/en\/wp-json\/wp\/v2\/posts\/16375\/revisions"}],"predecessor-version":[{"id":16378,"href":"https:\/\/magenarquitectos.com\/en\/wp-json\/wp\/v2\/posts\/16375\/revisions\/16378"}],"wp:featuredmedia":[{"embeddable":true,"href":"https:\/\/magenarquitectos.com\/en\/wp-json\/wp\/v2\/media\/16376"}],"wp:attachment":[{"href":"https:\/\/magenarquitectos.com\/en\/wp-json\/wp\/v2\/media?parent=16375"}],"wp:term":[{"taxonomy":"category","embeddable":true,"href":"https:\/\/magenarquitectos.com\/en\/wp-json\/wp\/v2\/categories?post=16375"},{"taxonomy":"post_tag","embeddable":true,"href":"https:\/\/magenarquitectos.com\/en\/wp-json\/wp\/v2\/tags?post=16375"}],"curies":[{"name":"wp","href":"https:\/\/api.w.org\/{rel}","templated":true}]}}