{"id":16391,"date":"2022-06-23T09:00:00","date_gmt":"2022-06-23T09:00:00","guid":{"rendered":"https:\/\/magenarquitectos.com\/?p=16391"},"modified":"2022-06-13T17:08:23","modified_gmt":"2022-06-13T17:08:23","slug":"en-construccion-escuela-primaria-y-pabellon-polideportivo-spandau-berlin-4","status":"publish","type":"post","link":"https:\/\/magenarquitectos.com\/en\/en-construccion-escuela-primaria-y-pabellon-polideportivo-spandau-berlin-4\/","title":{"rendered":"En construcci\u00f3n: Escuela Primaria y Pabell\u00f3n Polideportivo. Spandau. Berl\u00edn"},"content":{"rendered":"\n<p>+info: <a href=\"https:\/\/magenarquitectos.com\/proyectos\/escuela-primaria-y-pabellon-polideportivo-spandau-berlin\/\">Escuela Primaria y Polideportivo. Spandau<\/a>, <a href=\"https:\/\/magenarquitectos.com\/en\/projects\/primary-school-and-sports-pavilion-spandau-berlin\/\">Primary School. Spandau<\/a><\/p>\n","protected":false},"excerpt":{"rendered":"<p>+info: Escuela Primaria y Polideportivo. Spandau, Primary School. Spandau<\/p>\n","protected":false},"author":1,"featured_media":16392,"comment_status":"open","ping_status":"open","sticky":false,"template":"","format":"standard","meta":{"_monsterinsights_skip_tracking":false,"_monsterinsights_sitenote_active":false,"_monsterinsights_sitenote_note":"","_monsterinsights_sitenote_category":0},"categories":[97,65,139,117],"tags":[114,115,229,134,80,140,176,74],"_links":{"self":[{"href":"https:\/\/magenarquitectos.com\/en\/wp-json\/wp\/v2\/posts\/16391"}],"collection":[{"href":"https:\/\/magenarquitectos.com\/en\/wp-json\/wp\/v2\/posts"}],"about":[{"href":"https:\/\/magenarquitectos.com\/en\/wp-json\/wp\/v2\/types\/post"}],"author":[{"embeddable":true,"href":"https:\/\/magenarquitectos.com\/en\/wp-json\/wp\/v2\/users\/1"}],"replies":[{"embeddable":true,"href":"https:\/\/magenarquitectos.com\/en\/wp-json\/wp\/v2\/comments?post=16391"}],"version-history":[{"count":1,"href":"https:\/\/magenarquitectos.com\/en\/wp-json\/wp\/v2\/posts\/16391\/revisions"}],"predecessor-version":[{"id":16394,"href":"https:\/\/magenarquitectos.com\/en\/wp-json\/wp\/v2\/posts\/16391\/revisions\/16394"}],"wp:featuredmedia":[{"embeddable":true,"href":"https:\/\/magenarquitectos.com\/en\/wp-json\/wp\/v2\/media\/16392"}],"wp:attachment":[{"href":"https:\/\/magenarquitectos.com\/en\/wp-json\/wp\/v2\/media?parent=16391"}],"wp:term":[{"taxonomy":"category","embeddable":true,"href":"https:\/\/magenarquitectos.com\/en\/wp-json\/wp\/v2\/categories?post=16391"},{"taxonomy":"post_tag","embeddable":true,"href":"https:\/\/magenarquitectos.com\/en\/wp-json\/wp\/v2\/tags?post=16391"}],"curies":[{"name":"wp","href":"https:\/\/api.w.org\/{rel}","templated":true}]}}