{"id":16408,"date":"2022-06-14T09:00:00","date_gmt":"2022-06-14T09:00:00","guid":{"rendered":"https:\/\/magenarquitectos.com\/?p=16408"},"modified":"2022-06-13T17:13:43","modified_gmt":"2022-06-13T17:13:43","slug":"20-anos","status":"publish","type":"post","link":"https:\/\/magenarquitectos.com\/en\/20-anos\/","title":{"rendered":"20 a\u00f1os!"},"content":{"rendered":"\n<p>Se cumplen 20 a\u00f1os de la resoluci\u00f3n del Concurso de Ideas para la Ordenaci\u00f3n y Edificaci\u00f3n de 140 viviendas VPO y locales comerciales en la calle Biescas de Zaragoza convocado por la Sociedad Municipal Zaragoza Vivienda. El premio obtenido por Mag\u00e9n Arquitectos dio lugar al\u00a0 edificio de 68 viviendas VPO en la calle Biescas, primera obra construida del estudio.<\/p>\n\n\n\n<p>Today marks 20 years of the resolution of the Ideas Competition for the Masterplan and Construction of 140 social housing and commercial premises in Biescas street in Zaragoza announced by Zaragoza Vivienda. Award obtained by Mag\u00e9n Arquitectos leds to the building 68 Social Housing in Biescas street, first built work by the office.<\/p>\n","protected":false},"excerpt":{"rendered":"<p>Se cumplen 20 a\u00f1os de la resoluci\u00f3n del Concurso de Ideas para la Ordenaci\u00f3n y Edificaci\u00f3n de 140 viviendas VPO y locales comerciales en la calle Biescas de Zaragoza convocado por la Sociedad Municipal Zaragoza Vivienda. El premio obtenido por Mag\u00e9n Arquitectos dio lugar al\u00a0 edificio de 68 viviendas VPO en la calle Biescas, primera [&hellip;]<\/p>\n","protected":false},"author":1,"featured_media":16410,"comment_status":"open","ping_status":"open","sticky":false,"template":"","format":"standard","meta":{"_monsterinsights_skip_tracking":false,"_monsterinsights_sitenote_active":false,"_monsterinsights_sitenote_note":"","_monsterinsights_sitenote_category":0},"categories":[195,202,75,196,76,15,212,213,164,77,78,97,65,66,67,139,223,132,204,69,125,130,217,14,113,90,194,92,131,165,146],"tags":[115,80,93,94,82,83,74],"_links":{"self":[{"href":"https:\/\/magenarquitectos.com\/en\/wp-json\/wp\/v2\/posts\/16408"}],"collection":[{"href":"https:\/\/magenarquitectos.com\/en\/wp-json\/wp\/v2\/posts"}],"about":[{"href":"https:\/\/magenarquitectos.com\/en\/wp-json\/wp\/v2\/types\/post"}],"author":[{"embeddable":true,"href":"https:\/\/magenarquitectos.com\/en\/wp-json\/wp\/v2\/users\/1"}],"replies":[{"embeddable":true,"href":"https:\/\/magenarquitectos.com\/en\/wp-json\/wp\/v2\/comments?post=16408"}],"version-history":[{"count":1,"href":"https:\/\/magenarquitectos.com\/en\/wp-json\/wp\/v2\/posts\/16408\/revisions"}],"predecessor-version":[{"id":16412,"href":"https:\/\/magenarquitectos.com\/en\/wp-json\/wp\/v2\/posts\/16408\/revisions\/16412"}],"wp:featuredmedia":[{"embeddable":true,"href":"https:\/\/magenarquitectos.com\/en\/wp-json\/wp\/v2\/media\/16410"}],"wp:attachment":[{"href":"https:\/\/magenarquitectos.com\/en\/wp-json\/wp\/v2\/media?parent=16408"}],"wp:term":[{"taxonomy":"category","embeddable":true,"href":"https:\/\/magenarquitectos.com\/en\/wp-json\/wp\/v2\/categories?post=16408"},{"taxonomy":"post_tag","embeddable":true,"href":"https:\/\/magenarquitectos.com\/en\/wp-json\/wp\/v2\/tags?post=16408"}],"curies":[{"name":"wp","href":"https:\/\/api.w.org\/{rel}","templated":true}]}}