{"id":16433,"date":"2022-07-12T09:00:00","date_gmt":"2022-07-12T09:00:00","guid":{"rendered":"https:\/\/magenarquitectos.com\/?p=16433"},"modified":"2022-06-25T16:45:09","modified_gmt":"2022-06-25T16:45:09","slug":"magen-arquitectos-disenara-el-aulario-de-secundaria-del-cpi-arcosur","status":"publish","type":"post","link":"https:\/\/magenarquitectos.com\/en\/magen-arquitectos-disenara-el-aulario-de-secundaria-del-cpi-arcosur\/","title":{"rendered":"Mag\u00e9n Arquitectos dise\u00f1ar\u00e1 el Aulario de Secundaria del CPI Arcosur"},"content":{"rendered":"\n<p>Mag\u00e9n Arquitectos ha resultado ganador del Concurso para el Proyecto del Aulario de Secundaria del CPI Arcosur. Esta es la tercera fase del mismo, tras el Centro de Educaci\u00f3n Infantil, Premio Garc\u00eda Mercadal en 2019, y el Aulario de Primaria.<\/p>\n","protected":false},"excerpt":{"rendered":"<p>Mag\u00e9n Arquitectos ha resultado ganador del Concurso para el Proyecto del Aulario de Secundaria del CPI Arcosur. Esta es la tercera fase del mismo, tras el Centro de Educaci\u00f3n Infantil, Premio Garc\u00eda Mercadal en 2019, y el Aulario de Primaria.<\/p>\n","protected":false},"author":1,"featured_media":16434,"comment_status":"open","ping_status":"open","sticky":false,"template":"","format":"standard","meta":{"_monsterinsights_skip_tracking":false,"_monsterinsights_sitenote_active":false,"_monsterinsights_sitenote_note":"","_monsterinsights_sitenote_category":0},"categories":[202,75,65,139],"tags":[222,115,134,80,140,74],"_links":{"self":[{"href":"https:\/\/magenarquitectos.com\/en\/wp-json\/wp\/v2\/posts\/16433"}],"collection":[{"href":"https:\/\/magenarquitectos.com\/en\/wp-json\/wp\/v2\/posts"}],"about":[{"href":"https:\/\/magenarquitectos.com\/en\/wp-json\/wp\/v2\/types\/post"}],"author":[{"embeddable":true,"href":"https:\/\/magenarquitectos.com\/en\/wp-json\/wp\/v2\/users\/1"}],"replies":[{"embeddable":true,"href":"https:\/\/magenarquitectos.com\/en\/wp-json\/wp\/v2\/comments?post=16433"}],"version-history":[{"count":1,"href":"https:\/\/magenarquitectos.com\/en\/wp-json\/wp\/v2\/posts\/16433\/revisions"}],"predecessor-version":[{"id":16436,"href":"https:\/\/magenarquitectos.com\/en\/wp-json\/wp\/v2\/posts\/16433\/revisions\/16436"}],"wp:featuredmedia":[{"embeddable":true,"href":"https:\/\/magenarquitectos.com\/en\/wp-json\/wp\/v2\/media\/16434"}],"wp:attachment":[{"href":"https:\/\/magenarquitectos.com\/en\/wp-json\/wp\/v2\/media?parent=16433"}],"wp:term":[{"taxonomy":"category","embeddable":true,"href":"https:\/\/magenarquitectos.com\/en\/wp-json\/wp\/v2\/categories?post=16433"},{"taxonomy":"post_tag","embeddable":true,"href":"https:\/\/magenarquitectos.com\/en\/wp-json\/wp\/v2\/tags?post=16433"}],"curies":[{"name":"wp","href":"https:\/\/api.w.org\/{rel}","templated":true}]}}