{"id":16479,"date":"2022-07-28T09:00:00","date_gmt":"2022-07-28T09:00:00","guid":{"rendered":"https:\/\/magenarquitectos.com\/?p=16479"},"modified":"2022-07-18T10:50:45","modified_gmt":"2022-07-18T10:50:45","slug":"en-construccion-reforma-y-ampliacion-de-la-facultad-de-filosofia-y-letras-universidad-de-zaragoza-30","status":"publish","type":"post","link":"https:\/\/magenarquitectos.com\/en\/en-construccion-reforma-y-ampliacion-de-la-facultad-de-filosofia-y-letras-universidad-de-zaragoza-30\/","title":{"rendered":"En construcci\u00f3n: Reforma y Ampliaci\u00f3n de la Facultad de Filosof\u00eda y Letras. Universidad de Zaragoza"},"content":{"rendered":"\n<figure class=\"wp-block-image size-large\"><img loading=\"lazy\" width=\"753\" height=\"1024\" src=\"https:\/\/magenarquitectos.com\/wp-content\/uploads\/2022\/07\/filosofia_1807-753x1024.jpg\" alt=\"Magen Arquitectos Zaragoza\" class=\"wp-image-16480\" srcset=\"https:\/\/magenarquitectos.com\/wp-content\/uploads\/2022\/07\/filosofia_1807-753x1024.jpg 753w, https:\/\/magenarquitectos.com\/wp-content\/uploads\/2022\/07\/filosofia_1807-220x300.jpg 220w, https:\/\/magenarquitectos.com\/wp-content\/uploads\/2022\/07\/filosofia_1807-768x1045.jpg 768w, https:\/\/magenarquitectos.com\/wp-content\/uploads\/2022\/07\/filosofia_1807.jpg 868w\" sizes=\"(max-width: 753px) 100vw, 753px\" title=\"\"><\/figure>\n\n\n\n<p>+info: <a href=\"https:\/\/magenarquitectos.com\/proyectos\/facultad-de-filosofia-y-letras-universidad-de-zaragoza\/\">Facultad de Filosof\u00eda y Letras<\/a>, <a href=\"https:\/\/magenarquitectos.com\/en\/projects\/facultad-de-filosofia-y-letras-universidad-de-zaragoza\/\">Philosophy Faculty<\/a><\/p>\n","protected":false},"excerpt":{"rendered":"<p>+info: Facultad de Filosof\u00eda y Letras, Philosophy Faculty<\/p>\n","protected":false},"author":1,"featured_media":0,"comment_status":"open","ping_status":"open","sticky":false,"template":"","format":"standard","meta":{"_monsterinsights_skip_tracking":false,"_monsterinsights_sitenote_active":false,"_monsterinsights_sitenote_note":"","_monsterinsights_sitenote_category":0},"categories":[97,65,139,117],"tags":[115,134,80,140,93,94,82,83,166,74],"_links":{"self":[{"href":"https:\/\/magenarquitectos.com\/en\/wp-json\/wp\/v2\/posts\/16479"}],"collection":[{"href":"https:\/\/magenarquitectos.com\/en\/wp-json\/wp\/v2\/posts"}],"about":[{"href":"https:\/\/magenarquitectos.com\/en\/wp-json\/wp\/v2\/types\/post"}],"author":[{"embeddable":true,"href":"https:\/\/magenarquitectos.com\/en\/wp-json\/wp\/v2\/users\/1"}],"replies":[{"embeddable":true,"href":"https:\/\/magenarquitectos.com\/en\/wp-json\/wp\/v2\/comments?post=16479"}],"version-history":[{"count":2,"href":"https:\/\/magenarquitectos.com\/en\/wp-json\/wp\/v2\/posts\/16479\/revisions"}],"predecessor-version":[{"id":16483,"href":"https:\/\/magenarquitectos.com\/en\/wp-json\/wp\/v2\/posts\/16479\/revisions\/16483"}],"wp:attachment":[{"href":"https:\/\/magenarquitectos.com\/en\/wp-json\/wp\/v2\/media?parent=16479"}],"wp:term":[{"taxonomy":"category","embeddable":true,"href":"https:\/\/magenarquitectos.com\/en\/wp-json\/wp\/v2\/categories?post=16479"},{"taxonomy":"post_tag","embeddable":true,"href":"https:\/\/magenarquitectos.com\/en\/wp-json\/wp\/v2\/tags?post=16479"}],"curies":[{"name":"wp","href":"https:\/\/api.w.org\/{rel}","templated":true}]}}