{"id":16501,"date":"2022-08-30T09:00:00","date_gmt":"2022-08-30T09:00:00","guid":{"rendered":"https:\/\/magenarquitectos.com\/?p=16501"},"modified":"2022-08-23T08:17:32","modified_gmt":"2022-08-23T08:17:32","slug":"el-teatro-auditorio-de-illueca-finalista-del-detail-award-2022","status":"publish","type":"post","link":"https:\/\/magenarquitectos.com\/en\/el-teatro-auditorio-de-illueca-finalista-del-detail-award-2022\/","title":{"rendered":"El Teatro-Auditorio de Illueca, Finalista del Detail Award 2022"},"content":{"rendered":"\n<figure class=\"wp-block-image size-large\"><img loading=\"lazy\" width=\"1021\" height=\"1024\" src=\"https:\/\/magenarquitectos.com\/wp-content\/uploads\/2022\/08\/illueca_detailaward-1021x1024.jpg\" alt=\"\" class=\"wp-image-16502\" srcset=\"https:\/\/magenarquitectos.com\/wp-content\/uploads\/2022\/08\/illueca_detailaward-1021x1024.jpg 1021w, https:\/\/magenarquitectos.com\/wp-content\/uploads\/2022\/08\/illueca_detailaward-300x300.jpg 300w, https:\/\/magenarquitectos.com\/wp-content\/uploads\/2022\/08\/illueca_detailaward-150x150.jpg 150w, https:\/\/magenarquitectos.com\/wp-content\/uploads\/2022\/08\/illueca_detailaward-768x771.jpg 768w, https:\/\/magenarquitectos.com\/wp-content\/uploads\/2022\/08\/illueca_detailaward.jpg 1177w\" sizes=\"(max-width: 1021px) 100vw, 1021px\" title=\"\"><\/figure>\n\n\n\n<p>El Teatro-Auditorio de Illueca es uno de los 15 proyectos Finalistas del Detail Award 2022.<\/p>\n\n\n\n<p>La ceremonia de entrega de premios se celebrar\u00e1 en Munich el 17 de noviembre,<\/p>\n\n\n\n<p>El voto del p\u00fablico est\u00e1 abierto hasta el 30 de septiembre en <a href=\"https:\/\/www.detail.de\/en\/de_en\/catalog\/product\/view\/id\/49970\/s\/detail-award-2022\/\" rel=\"nofollow noopener\" target=\"_blank\">https:\/\/www.detail.de\/en\/de_en\/catalog\/product\/view\/id\/49970\/s\/detail-award-2022\/<\/a><\/p>\n","protected":false},"excerpt":{"rendered":"<p>El Teatro-Auditorio de Illueca es uno de los 15 proyectos Finalistas del Detail Award 2022. La ceremonia de entrega de premios se celebrar\u00e1 en Munich el 17 de noviembre, El voto del p\u00fablico est\u00e1 abierto hasta el 30 de septiembre en https:\/\/www.detail.de\/en\/de_en\/catalog\/product\/view\/id\/49970\/s\/detail-award-2022\/<\/p>\n","protected":false},"author":1,"featured_media":0,"comment_status":"open","ping_status":"open","sticky":false,"template":"","format":"standard","meta":{"_monsterinsights_skip_tracking":false,"_monsterinsights_sitenote_active":false,"_monsterinsights_sitenote_note":"","_monsterinsights_sitenote_category":0},"categories":[195,65,66,113],"tags":[115,106,80,221,74],"_links":{"self":[{"href":"https:\/\/magenarquitectos.com\/en\/wp-json\/wp\/v2\/posts\/16501"}],"collection":[{"href":"https:\/\/magenarquitectos.com\/en\/wp-json\/wp\/v2\/posts"}],"about":[{"href":"https:\/\/magenarquitectos.com\/en\/wp-json\/wp\/v2\/types\/post"}],"author":[{"embeddable":true,"href":"https:\/\/magenarquitectos.com\/en\/wp-json\/wp\/v2\/users\/1"}],"replies":[{"embeddable":true,"href":"https:\/\/magenarquitectos.com\/en\/wp-json\/wp\/v2\/comments?post=16501"}],"version-history":[{"count":3,"href":"https:\/\/magenarquitectos.com\/en\/wp-json\/wp\/v2\/posts\/16501\/revisions"}],"predecessor-version":[{"id":16506,"href":"https:\/\/magenarquitectos.com\/en\/wp-json\/wp\/v2\/posts\/16501\/revisions\/16506"}],"wp:attachment":[{"href":"https:\/\/magenarquitectos.com\/en\/wp-json\/wp\/v2\/media?parent=16501"}],"wp:term":[{"taxonomy":"category","embeddable":true,"href":"https:\/\/magenarquitectos.com\/en\/wp-json\/wp\/v2\/categories?post=16501"},{"taxonomy":"post_tag","embeddable":true,"href":"https:\/\/magenarquitectos.com\/en\/wp-json\/wp\/v2\/tags?post=16501"}],"curies":[{"name":"wp","href":"https:\/\/api.w.org\/{rel}","templated":true}]}}