{"id":16521,"date":"2022-08-23T08:55:31","date_gmt":"2022-08-23T08:55:31","guid":{"rendered":"https:\/\/magenarquitectos.com\/?p=16521"},"modified":"2022-09-05T10:43:55","modified_gmt":"2022-09-05T10:43:55","slug":"we-are-hiring","status":"publish","type":"post","link":"https:\/\/magenarquitectos.com\/en\/we-are-hiring\/","title":{"rendered":"WE ARE HIRING!"},"content":{"rendered":"\n<figure class=\"wp-block-image size-large\"><img loading=\"lazy\" width=\"1024\" height=\"706\" src=\"https:\/\/magenarquitectos.com\/wp-content\/uploads\/2022\/08\/illueca_hiring-1024x706.jpg\" alt=\"\" class=\"wp-image-16522\" srcset=\"https:\/\/magenarquitectos.com\/wp-content\/uploads\/2022\/08\/illueca_hiring-1024x706.jpg 1024w, https:\/\/magenarquitectos.com\/wp-content\/uploads\/2022\/08\/illueca_hiring-300x207.jpg 300w, https:\/\/magenarquitectos.com\/wp-content\/uploads\/2022\/08\/illueca_hiring-768x529.jpg 768w, https:\/\/magenarquitectos.com\/wp-content\/uploads\/2022\/08\/illueca_hiring.jpg 1177w\" sizes=\"(max-width: 1024px) 100vw, 1024px\" title=\"\"><\/figure>\n\n\n\n<p>Buscamos Arquitecto para incorporaci\u00f3n a tiempo completo, con m\u00e1s de 3 a\u00f1os de experiencia en un puesto similar y altos conocimientos acreditables en BIM.<\/p>\n\n\n\n<p>Buscamos Arquitecto reci\u00e9n titulado con dominio de Autodesk y BIM.<\/p>\n\n\n\n<p>Interesados enviar carta de presentaci\u00f3n y CV a estudio@magenarquitectos.com<\/p>\n\n\n\n<p> <\/p>\n","protected":false},"excerpt":{"rendered":"<p>Buscamos Arquitecto para incorporaci\u00f3n a tiempo completo, con m\u00e1s de 3 a\u00f1os de experiencia en un puesto similar y altos conocimientos acreditables en BIM. Buscamos Arquitecto reci\u00e9n titulado con dominio de Autodesk y BIM. Interesados enviar carta de presentaci\u00f3n y CV a estudio@magenarquitectos.com<\/p>\n","protected":false},"author":1,"featured_media":0,"comment_status":"open","ping_status":"open","sticky":false,"template":"","format":"standard","meta":{"_monsterinsights_skip_tracking":false,"_monsterinsights_sitenote_active":false,"_monsterinsights_sitenote_note":"","_monsterinsights_sitenote_category":0},"categories":[194,90],"tags":[115,74],"_links":{"self":[{"href":"https:\/\/magenarquitectos.com\/en\/wp-json\/wp\/v2\/posts\/16521"}],"collection":[{"href":"https:\/\/magenarquitectos.com\/en\/wp-json\/wp\/v2\/posts"}],"about":[{"href":"https:\/\/magenarquitectos.com\/en\/wp-json\/wp\/v2\/types\/post"}],"author":[{"embeddable":true,"href":"https:\/\/magenarquitectos.com\/en\/wp-json\/wp\/v2\/users\/1"}],"replies":[{"embeddable":true,"href":"https:\/\/magenarquitectos.com\/en\/wp-json\/wp\/v2\/comments?post=16521"}],"version-history":[{"count":1,"href":"https:\/\/magenarquitectos.com\/en\/wp-json\/wp\/v2\/posts\/16521\/revisions"}],"predecessor-version":[{"id":16524,"href":"https:\/\/magenarquitectos.com\/en\/wp-json\/wp\/v2\/posts\/16521\/revisions\/16524"}],"wp:attachment":[{"href":"https:\/\/magenarquitectos.com\/en\/wp-json\/wp\/v2\/media?parent=16521"}],"wp:term":[{"taxonomy":"category","embeddable":true,"href":"https:\/\/magenarquitectos.com\/en\/wp-json\/wp\/v2\/categories?post=16521"},{"taxonomy":"post_tag","embeddable":true,"href":"https:\/\/magenarquitectos.com\/en\/wp-json\/wp\/v2\/tags?post=16521"}],"curies":[{"name":"wp","href":"https:\/\/api.w.org\/{rel}","templated":true}]}}