{"id":16605,"date":"2022-10-25T09:00:00","date_gmt":"2022-10-25T09:00:00","guid":{"rendered":"https:\/\/magenarquitectos.com\/?p=16605"},"modified":"2022-10-12T18:49:33","modified_gmt":"2022-10-12T18:49:33","slug":"magen-arquitectos-disenara-el-parque-de-bomberos-no5-de-zaragoza","status":"publish","type":"post","link":"https:\/\/magenarquitectos.com\/en\/magen-arquitectos-disenara-el-parque-de-bomberos-no5-de-zaragoza\/","title":{"rendered":"Mag\u00e9n Arquitectos dise\u00f1ar\u00e1 el parque de Bomberos n\u00ba5 de Zaragoza"},"content":{"rendered":"\n<p>Mag\u00e9n Arquitectos ha resultado ganador del Concurso para el Proyecto del Parque de Bomberos n\u00ba5 de Zaragoza, que se construir\u00e1 en La Cartuja. <\/p>\n\n\n\n<figure class=\"wp-block-image size-large\"><img loading=\"lazy\" width=\"1024\" height=\"570\" src=\"https:\/\/magenarquitectos.com\/wp-content\/uploads\/2022\/09\/vista-1-1024x570.jpg\" alt=\"\" class=\"wp-image-16606\" srcset=\"https:\/\/magenarquitectos.com\/wp-content\/uploads\/2022\/09\/vista-1-1024x570.jpg 1024w, https:\/\/magenarquitectos.com\/wp-content\/uploads\/2022\/09\/vista-1-300x167.jpg 300w, https:\/\/magenarquitectos.com\/wp-content\/uploads\/2022\/09\/vista-1-768x427.jpg 768w, https:\/\/magenarquitectos.com\/wp-content\/uploads\/2022\/09\/vista-1.jpg 1476w\" sizes=\"(max-width: 1024px) 100vw, 1024px\" title=\"\"><\/figure>\n","protected":false},"excerpt":{"rendered":"<p>Mag\u00e9n Arquitectos ha resultado ganador del Concurso para el Proyecto del Parque de Bomberos n\u00ba5 de Zaragoza, que se construir\u00e1 en La Cartuja.<\/p>\n","protected":false},"author":1,"featured_media":0,"comment_status":"open","ping_status":"open","sticky":false,"template":"","format":"standard","meta":{"_monsterinsights_skip_tracking":false,"_monsterinsights_sitenote_active":false,"_monsterinsights_sitenote_note":"","_monsterinsights_sitenote_category":0},"categories":[202,75,65],"tags":[115,80,74],"_links":{"self":[{"href":"https:\/\/magenarquitectos.com\/en\/wp-json\/wp\/v2\/posts\/16605"}],"collection":[{"href":"https:\/\/magenarquitectos.com\/en\/wp-json\/wp\/v2\/posts"}],"about":[{"href":"https:\/\/magenarquitectos.com\/en\/wp-json\/wp\/v2\/types\/post"}],"author":[{"embeddable":true,"href":"https:\/\/magenarquitectos.com\/en\/wp-json\/wp\/v2\/users\/1"}],"replies":[{"embeddable":true,"href":"https:\/\/magenarquitectos.com\/en\/wp-json\/wp\/v2\/comments?post=16605"}],"version-history":[{"count":1,"href":"https:\/\/magenarquitectos.com\/en\/wp-json\/wp\/v2\/posts\/16605\/revisions"}],"predecessor-version":[{"id":16608,"href":"https:\/\/magenarquitectos.com\/en\/wp-json\/wp\/v2\/posts\/16605\/revisions\/16608"}],"wp:attachment":[{"href":"https:\/\/magenarquitectos.com\/en\/wp-json\/wp\/v2\/media?parent=16605"}],"wp:term":[{"taxonomy":"category","embeddable":true,"href":"https:\/\/magenarquitectos.com\/en\/wp-json\/wp\/v2\/categories?post=16605"},{"taxonomy":"post_tag","embeddable":true,"href":"https:\/\/magenarquitectos.com\/en\/wp-json\/wp\/v2\/tags?post=16605"}],"curies":[{"name":"wp","href":"https:\/\/api.w.org\/{rel}","templated":true}]}}