{"id":16713,"date":"2022-09-20T08:50:00","date_gmt":"2022-09-20T08:50:00","guid":{"rendered":"https:\/\/magenarquitectos.com\/?p=16713"},"modified":"2022-09-11T19:33:34","modified_gmt":"2022-09-11T19:33:34","slug":"curso-la-direccion-de-obra-objetivos-competencias-y-responsabilidades-coaa-2","status":"publish","type":"post","link":"https:\/\/magenarquitectos.com\/en\/curso-la-direccion-de-obra-objetivos-competencias-y-responsabilidades-coaa-2\/","title":{"rendered":"Curso &#8220;La Direcci\u00f3n de Obra: objetivos, competencias y responsabilidades&#8221;. COAA"},"content":{"rendered":"\n<p>Jaime Mag\u00e9n imparte, junto con Fernando Kurtz, el curso &#8220;La Direcci\u00f3n de Obra: objetivos, competencias y responsabilidades&#8221; en el Colegio Oficial de Arquitectos de Arag\u00f3n los d\u00edas 20 y 21 de septiembre de 2022. El curso propone el an\u00e1lisis tanto de las estrategias necesarias para la materializaci\u00f3n del proyecto y de las relaciones con todos los agentes implicados en la obra, como el entorno legislativo y las responsabilidades profesionales.<\/p>\n\n\n<div class=\"wp-block-image\">\n<figure class=\"aligncenter size-large\"><img loading=\"lazy\" width=\"532\" height=\"1024\" src=\"https:\/\/magenarquitectos.com\/wp-content\/uploads\/2022\/09\/curso-coaa-532x1024.jpg\" alt=\"\" class=\"wp-image-16715\" srcset=\"https:\/\/magenarquitectos.com\/wp-content\/uploads\/2022\/09\/curso-coaa-532x1024.jpg 532w, https:\/\/magenarquitectos.com\/wp-content\/uploads\/2022\/09\/curso-coaa-156x300.jpg 156w, https:\/\/magenarquitectos.com\/wp-content\/uploads\/2022\/09\/curso-coaa-768x1479.jpg 768w, https:\/\/magenarquitectos.com\/wp-content\/uploads\/2022\/09\/curso-coaa-797x1536.jpg 797w, https:\/\/magenarquitectos.com\/wp-content\/uploads\/2022\/09\/curso-coaa-1063x2048.jpg 1063w, https:\/\/magenarquitectos.com\/wp-content\/uploads\/2022\/09\/curso-coaa.jpg 1097w\" sizes=\"(max-width: 532px) 100vw, 532px\" title=\"\"><\/figure><\/div>","protected":false},"excerpt":{"rendered":"<p>Jaime Mag\u00e9n imparte, junto con Fernando Kurtz, el curso &#8220;La Direcci\u00f3n de Obra: objetivos, competencias y responsabilidades&#8221; en el Colegio Oficial de Arquitectos de Arag\u00f3n los d\u00edas 20 y 21 de septiembre de 2022. El curso propone el an\u00e1lisis tanto de las estrategias necesarias para la materializaci\u00f3n del proyecto y de las relaciones con todos [&hellip;]<\/p>\n","protected":false},"author":1,"featured_media":0,"comment_status":"open","ping_status":"open","sticky":false,"template":"","format":"standard","meta":{"_monsterinsights_skip_tracking":false,"_monsterinsights_sitenote_active":false,"_monsterinsights_sitenote_note":"","_monsterinsights_sitenote_category":0},"categories":[164,165],"tags":[115,74],"_links":{"self":[{"href":"https:\/\/magenarquitectos.com\/en\/wp-json\/wp\/v2\/posts\/16713"}],"collection":[{"href":"https:\/\/magenarquitectos.com\/en\/wp-json\/wp\/v2\/posts"}],"about":[{"href":"https:\/\/magenarquitectos.com\/en\/wp-json\/wp\/v2\/types\/post"}],"author":[{"embeddable":true,"href":"https:\/\/magenarquitectos.com\/en\/wp-json\/wp\/v2\/users\/1"}],"replies":[{"embeddable":true,"href":"https:\/\/magenarquitectos.com\/en\/wp-json\/wp\/v2\/comments?post=16713"}],"version-history":[{"count":1,"href":"https:\/\/magenarquitectos.com\/en\/wp-json\/wp\/v2\/posts\/16713\/revisions"}],"predecessor-version":[{"id":16717,"href":"https:\/\/magenarquitectos.com\/en\/wp-json\/wp\/v2\/posts\/16713\/revisions\/16717"}],"wp:attachment":[{"href":"https:\/\/magenarquitectos.com\/en\/wp-json\/wp\/v2\/media?parent=16713"}],"wp:term":[{"taxonomy":"category","embeddable":true,"href":"https:\/\/magenarquitectos.com\/en\/wp-json\/wp\/v2\/categories?post=16713"},{"taxonomy":"post_tag","embeddable":true,"href":"https:\/\/magenarquitectos.com\/en\/wp-json\/wp\/v2\/tags?post=16713"}],"curies":[{"name":"wp","href":"https:\/\/api.w.org\/{rel}","templated":true}]}}