{"id":17076,"date":"2022-10-13T09:00:00","date_gmt":"2022-10-13T09:00:00","guid":{"rendered":"https:\/\/magenarquitectos.com\/?p=17076"},"modified":"2022-10-05T10:25:22","modified_gmt":"2022-10-05T10:25:22","slug":"en-construccion-escuela-primaria-y-pabellon-polideportivo-spandau-berlin-5","status":"publish","type":"post","link":"https:\/\/magenarquitectos.com\/en\/en-construccion-escuela-primaria-y-pabellon-polideportivo-spandau-berlin-5\/","title":{"rendered":"En construcci\u00f3n: Escuela Primaria y Pabell\u00f3n Polideportivo. Spandau. Berl\u00edn"},"content":{"rendered":"\n<figure class=\"wp-block-image size-large is-resized\"><img src=\"https:\/\/magenarquitectos.com\/wp-content\/uploads\/2022\/10\/spandau_0410-1024x461.jpeg\" alt=\"\" class=\"wp-image-17077\" width=\"1200\" srcset=\"https:\/\/magenarquitectos.com\/wp-content\/uploads\/2022\/10\/spandau_0410-1024x461.jpeg 1024w, https:\/\/magenarquitectos.com\/wp-content\/uploads\/2022\/10\/spandau_0410-300x135.jpeg 300w, https:\/\/magenarquitectos.com\/wp-content\/uploads\/2022\/10\/spandau_0410-768x346.jpeg 768w, https:\/\/magenarquitectos.com\/wp-content\/uploads\/2022\/10\/spandau_0410.jpeg 1299w\" sizes=\"(max-width: 1024px) 100vw, 1024px\" title=\"\"><\/figure>\n\n\n\n<p>+info: <a href=\"https:\/\/magenarquitectos.com\/proyectos\/escuela-primaria-y-pabellon-polideportivo-spandau-berlin\/\">Escuela Primaria y Polideportivo. Spandau<\/a>, <a href=\"https:\/\/magenarquitectos.com\/en\/projects\/primary-school-and-sports-pavilion-spandau-berlin\/\">Primary School. Spandau<\/a><\/p>\n","protected":false},"excerpt":{"rendered":"<p>+info: Escuela Primaria y Polideportivo. Spandau, Primary School. Spandau<\/p>\n","protected":false},"author":1,"featured_media":0,"comment_status":"open","ping_status":"open","sticky":false,"template":"","format":"standard","meta":{"_monsterinsights_skip_tracking":false,"_monsterinsights_sitenote_active":false,"_monsterinsights_sitenote_note":"","_monsterinsights_sitenote_category":0},"categories":[97,65,139,117],"tags":[114,115,229,134,80,140,176,74],"_links":{"self":[{"href":"https:\/\/magenarquitectos.com\/en\/wp-json\/wp\/v2\/posts\/17076"}],"collection":[{"href":"https:\/\/magenarquitectos.com\/en\/wp-json\/wp\/v2\/posts"}],"about":[{"href":"https:\/\/magenarquitectos.com\/en\/wp-json\/wp\/v2\/types\/post"}],"author":[{"embeddable":true,"href":"https:\/\/magenarquitectos.com\/en\/wp-json\/wp\/v2\/users\/1"}],"replies":[{"embeddable":true,"href":"https:\/\/magenarquitectos.com\/en\/wp-json\/wp\/v2\/comments?post=17076"}],"version-history":[{"count":1,"href":"https:\/\/magenarquitectos.com\/en\/wp-json\/wp\/v2\/posts\/17076\/revisions"}],"predecessor-version":[{"id":17079,"href":"https:\/\/magenarquitectos.com\/en\/wp-json\/wp\/v2\/posts\/17076\/revisions\/17079"}],"wp:attachment":[{"href":"https:\/\/magenarquitectos.com\/en\/wp-json\/wp\/v2\/media?parent=17076"}],"wp:term":[{"taxonomy":"category","embeddable":true,"href":"https:\/\/magenarquitectos.com\/en\/wp-json\/wp\/v2\/categories?post=17076"},{"taxonomy":"post_tag","embeddable":true,"href":"https:\/\/magenarquitectos.com\/en\/wp-json\/wp\/v2\/tags?post=17076"}],"curies":[{"name":"wp","href":"https:\/\/api.w.org\/{rel}","templated":true}]}}