{"id":17096,"date":"2022-11-03T09:00:00","date_gmt":"2022-11-03T09:00:00","guid":{"rendered":"https:\/\/magenarquitectos.com\/?p=17096"},"modified":"2022-10-29T19:18:10","modified_gmt":"2022-10-29T19:18:10","slug":"finalizan-las-obras-de-reforma-de-la-residencia-de-mayores-romareda","status":"publish","type":"post","link":"https:\/\/magenarquitectos.com\/en\/finalizan-las-obras-de-reforma-de-la-residencia-de-mayores-romareda\/","title":{"rendered":"Finalizan las obras de Reforma de la Residencia de Mayores Romareda"},"content":{"rendered":"\n<figure class=\"wp-block-image size-large\"><img loading=\"lazy\" width=\"1024\" height=\"869\" src=\"https:\/\/magenarquitectos.com\/wp-content\/uploads\/2022\/10\/romareda_fin-1024x869.jpg\" alt=\"\" class=\"wp-image-17097\" srcset=\"https:\/\/magenarquitectos.com\/wp-content\/uploads\/2022\/10\/romareda_fin-1024x869.jpg 1024w, https:\/\/magenarquitectos.com\/wp-content\/uploads\/2022\/10\/romareda_fin-300x255.jpg 300w, https:\/\/magenarquitectos.com\/wp-content\/uploads\/2022\/10\/romareda_fin-768x652.jpg 768w, https:\/\/magenarquitectos.com\/wp-content\/uploads\/2022\/10\/romareda_fin.jpg 1181w\" sizes=\"(max-width: 1024px) 100vw, 1024px\" title=\"\"><\/figure>\n\n\n\n<p>Se ha completado la reforma del m\u00f3dulo 5 de la Residencia de Mayores Romareda, que contempla la creaci\u00f3n de tres unidades de convivencia, seg\u00fan el Modelo de Atenci\u00f3n Integral Centrada en la Persona (AICP).<\/p>\n","protected":false},"excerpt":{"rendered":"<p>Se ha completado la reforma del m\u00f3dulo 5 de la Residencia de Mayores Romareda, que contempla la creaci\u00f3n de tres unidades de convivencia, seg\u00fan el Modelo de Atenci\u00f3n Integral Centrada en la Persona (AICP).<\/p>\n","protected":false},"author":1,"featured_media":0,"comment_status":"open","ping_status":"open","sticky":false,"template":"","format":"standard","meta":{"_monsterinsights_skip_tracking":false,"_monsterinsights_sitenote_active":false,"_monsterinsights_sitenote_note":"","_monsterinsights_sitenote_category":0},"categories":[86,97,65,223,117],"tags":[115,93,94,228,74],"_links":{"self":[{"href":"https:\/\/magenarquitectos.com\/en\/wp-json\/wp\/v2\/posts\/17096"}],"collection":[{"href":"https:\/\/magenarquitectos.com\/en\/wp-json\/wp\/v2\/posts"}],"about":[{"href":"https:\/\/magenarquitectos.com\/en\/wp-json\/wp\/v2\/types\/post"}],"author":[{"embeddable":true,"href":"https:\/\/magenarquitectos.com\/en\/wp-json\/wp\/v2\/users\/1"}],"replies":[{"embeddable":true,"href":"https:\/\/magenarquitectos.com\/en\/wp-json\/wp\/v2\/comments?post=17096"}],"version-history":[{"count":1,"href":"https:\/\/magenarquitectos.com\/en\/wp-json\/wp\/v2\/posts\/17096\/revisions"}],"predecessor-version":[{"id":17099,"href":"https:\/\/magenarquitectos.com\/en\/wp-json\/wp\/v2\/posts\/17096\/revisions\/17099"}],"wp:attachment":[{"href":"https:\/\/magenarquitectos.com\/en\/wp-json\/wp\/v2\/media?parent=17096"}],"wp:term":[{"taxonomy":"category","embeddable":true,"href":"https:\/\/magenarquitectos.com\/en\/wp-json\/wp\/v2\/categories?post=17096"},{"taxonomy":"post_tag","embeddable":true,"href":"https:\/\/magenarquitectos.com\/en\/wp-json\/wp\/v2\/tags?post=17096"}],"curies":[{"name":"wp","href":"https:\/\/api.w.org\/{rel}","templated":true}]}}