{"id":17155,"date":"2022-11-29T18:07:22","date_gmt":"2022-11-29T18:07:22","guid":{"rendered":"https:\/\/magenarquitectos.com\/?p=17155"},"modified":"2022-11-29T18:07:37","modified_gmt":"2022-11-29T18:07:37","slug":"we-are","status":"publish","type":"post","link":"https:\/\/magenarquitectos.com\/en\/we-are\/","title":{"rendered":"We are hiring!"},"content":{"rendered":"\n<figure class=\"wp-block-image size-large\"><img loading=\"lazy\" width=\"1024\" height=\"859\" src=\"https:\/\/magenarquitectos.com\/wp-content\/uploads\/2022\/11\/filosofia_hiring-1024x859.jpg\" alt=\"\" class=\"wp-image-17156\" srcset=\"https:\/\/magenarquitectos.com\/wp-content\/uploads\/2022\/11\/filosofia_hiring-1024x859.jpg 1024w, https:\/\/magenarquitectos.com\/wp-content\/uploads\/2022\/11\/filosofia_hiring-300x252.jpg 300w, https:\/\/magenarquitectos.com\/wp-content\/uploads\/2022\/11\/filosofia_hiring-768x644.jpg 768w, https:\/\/magenarquitectos.com\/wp-content\/uploads\/2022\/11\/filosofia_hiring.jpg 1485w\" sizes=\"(max-width: 1024px) 100vw, 1024px\" title=\"\"><\/figure>\n\n\n\n<ul><li>Arquitecto\/Arquitecto T\u00e9cnico Senior. +5 a\u00f1os de experiencia.<\/li><li>Arquitecto Junior. +2 a\u00f1os de experiencia<\/li><li>Arquitecto Junior. 0-1 a\u00f1os de experiencia<\/li><li>Por favor, env\u00edenos CV y portfolio a estudio@magenarquitectos.com<\/li><\/ul>\n","protected":false},"excerpt":{"rendered":"<p>Arquitecto\/Arquitecto T\u00e9cnico Senior. +5 a\u00f1os de experiencia. Arquitecto Junior. +2 a\u00f1os de experiencia Arquitecto Junior. 0-1 a\u00f1os de experiencia Por favor, env\u00edenos CV y portfolio a estudio@magenarquitectos.com<\/p>\n","protected":false},"author":1,"featured_media":0,"comment_status":"open","ping_status":"open","sticky":false,"template":"","format":"standard","meta":{"_monsterinsights_skip_tracking":false,"_monsterinsights_sitenote_active":false,"_monsterinsights_sitenote_note":"","_monsterinsights_sitenote_category":0},"categories":[14],"tags":[115,74],"_links":{"self":[{"href":"https:\/\/magenarquitectos.com\/en\/wp-json\/wp\/v2\/posts\/17155"}],"collection":[{"href":"https:\/\/magenarquitectos.com\/en\/wp-json\/wp\/v2\/posts"}],"about":[{"href":"https:\/\/magenarquitectos.com\/en\/wp-json\/wp\/v2\/types\/post"}],"author":[{"embeddable":true,"href":"https:\/\/magenarquitectos.com\/en\/wp-json\/wp\/v2\/users\/1"}],"replies":[{"embeddable":true,"href":"https:\/\/magenarquitectos.com\/en\/wp-json\/wp\/v2\/comments?post=17155"}],"version-history":[{"count":2,"href":"https:\/\/magenarquitectos.com\/en\/wp-json\/wp\/v2\/posts\/17155\/revisions"}],"predecessor-version":[{"id":17159,"href":"https:\/\/magenarquitectos.com\/en\/wp-json\/wp\/v2\/posts\/17155\/revisions\/17159"}],"wp:attachment":[{"href":"https:\/\/magenarquitectos.com\/en\/wp-json\/wp\/v2\/media?parent=17155"}],"wp:term":[{"taxonomy":"category","embeddable":true,"href":"https:\/\/magenarquitectos.com\/en\/wp-json\/wp\/v2\/categories?post=17155"},{"taxonomy":"post_tag","embeddable":true,"href":"https:\/\/magenarquitectos.com\/en\/wp-json\/wp\/v2\/tags?post=17155"}],"curies":[{"name":"wp","href":"https:\/\/api.w.org\/{rel}","templated":true}]}}