{"id":17246,"date":"2022-12-19T11:53:23","date_gmt":"2022-12-19T11:53:23","guid":{"rendered":"https:\/\/magenarquitectos.com\/?p=17246"},"modified":"2022-12-19T11:53:25","modified_gmt":"2022-12-19T11:53:25","slug":"presentacion-del-centro-de-emergencias-y-seguridad-ciudadana-de-huesca","status":"publish","type":"post","link":"https:\/\/magenarquitectos.com\/en\/presentacion-del-centro-de-emergencias-y-seguridad-ciudadana-de-huesca\/","title":{"rendered":"Presentaci\u00f3n del Centro de Emergencias y Seguridad Ciudadana de Huesca"},"content":{"rendered":"\n<figure class=\"wp-block-image size-large\"><img loading=\"lazy\" width=\"1024\" height=\"627\" src=\"https:\/\/magenarquitectos.com\/wp-content\/uploads\/2022\/12\/huesca_heraldo-1024x627.jpg\" alt=\"\" class=\"wp-image-17247\" srcset=\"https:\/\/magenarquitectos.com\/wp-content\/uploads\/2022\/12\/huesca_heraldo-1024x627.jpg 1024w, https:\/\/magenarquitectos.com\/wp-content\/uploads\/2022\/12\/huesca_heraldo-300x184.jpg 300w, https:\/\/magenarquitectos.com\/wp-content\/uploads\/2022\/12\/huesca_heraldo-768x470.jpg 768w, https:\/\/magenarquitectos.com\/wp-content\/uploads\/2022\/12\/huesca_heraldo.jpg 1181w\" sizes=\"(max-width: 1024px) 100vw, 1024px\" title=\"\"><\/figure>\n\n\n\n<p class=\"has-text-align-left\">El jueves fue presentado el Centro de Emergencias y Seguridad Ciudadana de Huesca, que acoger\u00e1 los servicios de Bomberos y Polic\u00eda Local, por el alcalde de Huesca, Luis Felipe, junto a Jaime Mag\u00e9n, del estudio Mag\u00e9n Arquitectos, y David Martos, responsable de proyectos de A&amp;T Ingenier\u00eda.<\/p>\n\n\n\n<p>El arquitecto y director de Mag\u00e9n Arquitectos, Jaime Mag\u00e9n, ha remarcado que el proyecto \u201cpresta especial al entorno porque se quiere que el Centro est\u00e9 integrado en el paisaje y la zona en la que se ubica\u201d.<\/p>\n","protected":false},"excerpt":{"rendered":"<p>El jueves fue presentado el Centro de Emergencias y Seguridad Ciudadana de Huesca, que acoger\u00e1 los servicios de Bomberos y Polic\u00eda Local, por el alcalde de Huesca, Luis Felipe, junto a Jaime Mag\u00e9n, del estudio Mag\u00e9n Arquitectos, y David Martos, responsable de proyectos de A&amp;T Ingenier\u00eda. El arquitecto y director de Mag\u00e9n Arquitectos, Jaime Mag\u00e9n, [&hellip;]<\/p>\n","protected":false},"author":1,"featured_media":0,"comment_status":"open","ping_status":"open","sticky":false,"template":"","format":"standard","meta":{"_monsterinsights_skip_tracking":false,"_monsterinsights_sitenote_active":false,"_monsterinsights_sitenote_note":"","_monsterinsights_sitenote_category":0},"categories":[65],"tags":[115,80,85,74],"_links":{"self":[{"href":"https:\/\/magenarquitectos.com\/en\/wp-json\/wp\/v2\/posts\/17246"}],"collection":[{"href":"https:\/\/magenarquitectos.com\/en\/wp-json\/wp\/v2\/posts"}],"about":[{"href":"https:\/\/magenarquitectos.com\/en\/wp-json\/wp\/v2\/types\/post"}],"author":[{"embeddable":true,"href":"https:\/\/magenarquitectos.com\/en\/wp-json\/wp\/v2\/users\/1"}],"replies":[{"embeddable":true,"href":"https:\/\/magenarquitectos.com\/en\/wp-json\/wp\/v2\/comments?post=17246"}],"version-history":[{"count":1,"href":"https:\/\/magenarquitectos.com\/en\/wp-json\/wp\/v2\/posts\/17246\/revisions"}],"predecessor-version":[{"id":17249,"href":"https:\/\/magenarquitectos.com\/en\/wp-json\/wp\/v2\/posts\/17246\/revisions\/17249"}],"wp:attachment":[{"href":"https:\/\/magenarquitectos.com\/en\/wp-json\/wp\/v2\/media?parent=17246"}],"wp:term":[{"taxonomy":"category","embeddable":true,"href":"https:\/\/magenarquitectos.com\/en\/wp-json\/wp\/v2\/categories?post=17246"},{"taxonomy":"post_tag","embeddable":true,"href":"https:\/\/magenarquitectos.com\/en\/wp-json\/wp\/v2\/tags?post=17246"}],"curies":[{"name":"wp","href":"https:\/\/api.w.org\/{rel}","templated":true}]}}