{"id":17250,"date":"2023-01-03T09:00:00","date_gmt":"2023-01-03T09:00:00","guid":{"rendered":"https:\/\/magenarquitectos.com\/?p=17250"},"modified":"2023-01-01T18:56:51","modified_gmt":"2023-01-01T18:56:51","slug":"2022-resumen-grafico","status":"publish","type":"post","link":"https:\/\/magenarquitectos.com\/en\/2022-resumen-grafico\/","title":{"rendered":"2022. Resumen gr\u00e1fico"},"content":{"rendered":"\n<figure class=\"wp-block-image size-large\"><img loading=\"lazy\" width=\"1024\" height=\"921\" src=\"https:\/\/magenarquitectos.com\/wp-content\/uploads\/2022\/12\/2022_res-1024x921.jpg\" alt=\"\" class=\"wp-image-17251\" srcset=\"https:\/\/magenarquitectos.com\/wp-content\/uploads\/2022\/12\/2022_res-1024x921.jpg 1024w, https:\/\/magenarquitectos.com\/wp-content\/uploads\/2022\/12\/2022_res-300x270.jpg 300w, https:\/\/magenarquitectos.com\/wp-content\/uploads\/2022\/12\/2022_res-768x691.jpg 768w, https:\/\/magenarquitectos.com\/wp-content\/uploads\/2022\/12\/2022_res-1536x1381.jpg 1536w, https:\/\/magenarquitectos.com\/wp-content\/uploads\/2022\/12\/2022_res.jpg 1667w\" sizes=\"(max-width: 1024px) 100vw, 1024px\" title=\"\"><\/figure>\n\n\n\n<p><strong>(1)<\/strong>&nbsp;Mag\u00e9n Arquitectos gana el concurso del <a href=\"https:\/\/magenarquitectos.com\/proyectos\/centro-de-emergencias-y-seguridad-ciudadana-de-huesca\/\">Centro de Emergencias y Seguridad Ciudadana de Huesc<\/a><a href=\"https:\/\/magenarquitectos.com\/proyectos\/parque-de-bomberos-la-cartuja-zaragoza\/\">a<\/a> <a href=\"https:\/\/magenarquitectos.com\/presentacion-del-centro-de-emergencias-y-seguridad-ciudadana-de-huesca\/\">[ir]<\/a>\/ Magen Arquitectos wins the competition for the <a href=\"https:\/\/magenarquitectos.com\/en\/projects\/emergency-center-huesca\/\">Emergency Center in Huesca<\/a> <a href=\"https:\/\/magenarquitectos.com\/presentacion-del-centro-de-emergencias-y-seguridad-ciudadana-de-huesca\/\">[go]<\/a><\/p>\n\n\n\n<p><strong>(2)<\/strong>&nbsp;En construcci\u00f3n: <a href=\"https:\/\/magenarquitectos.com\/proyectos\/escuela-primaria-y-pabellon-polideportivo-spandau-berlin\/\">Centro Escolar y Polideportivo en Spandau. Berl\u00edn<\/a> \/ In progress: <a href=\"https:\/\/magenarquitectos.com\/en\/projects\/primary-school-and-sports-pavilion-spandau-berlin\/\">Primary School and Sports Hall in Spandau, Berlin<\/a>,<\/p>\n\n\n\n<p><strong>(3)<\/strong>&nbsp;Mag\u00e9n Arquitectos gana el concurso para la Rehabilitaci\u00f3n de la Subdelegaci\u00f3n del Gobierno en Lleida <a href=\"https:\/\/magenarquitectos.com\/magen-arquitectos-rehabilitara-la-subdelegacion-del-gobierno-en-lleida\/\">[ir]<\/a> \/ Magen Arquitectos wins the competition for the renovation of Government HQ in Lleida <a href=\"https:\/\/magenarquitectos.com\/magen-arquitectos-rehabilitara-la-subdelegacion-del-gobierno-en-lleida\/\">[go]<\/a><\/p>\n\n\n\n<p><strong>(4)<\/strong>&nbsp;El <a href=\"http:\/\/magenarquitectos.com\/auditorio-de-illueca\/\">Teatro-Auditorio de Illueca<\/a>, en <a href=\"https:\/\/magenarquitectos.com\/el-teatro-auditorio-de-illueca-publicada-en-on-diseno-no407-ceramica-en-la-arquitectura\/\">ON Dise\u00f1o n\u00ba407<\/a> y <a href=\"https:\/\/magenarquitectos.com\/el-teatro-auditorio-de-illueca-publicado-en-detail\/\">Detail n\u00ba9\/2022<\/a> \/ <a href=\"http:\/\/english.magenarquitectos.com\/illueca-auditorium\/\">Theatre-Auditorium in Illueca<\/a>, published in <a href=\"https:\/\/magenarquitectos.com\/el-teatro-auditorio-de-illueca-publicada-en-on-diseno-no407-ceramica-en-la-arquitectura\/\">ON Dise\u00f1o n\u00ba 407<\/a> and <a href=\"https:\/\/magenarquitectos.com\/el-teatro-auditorio-de-illueca-publicado-en-detail\/\">Detail n\u00ba9\/2022<\/a> <\/p>\n\n\n\n<p><strong>(5)<\/strong>&nbsp;Mag\u00e9n Arquitectos gana el concurso para el <a href=\"https:\/\/magenarquitectos.com\/proyectos\/cipfp-valle-del-cidacos\/\">Centro de Formaci\u00f3n Profesional &#8220;Valle del Cidacos&#8221;<\/a> en Calahorra \/ Magen Arquitectos wins the competition for the <a href=\"https:\/\/magenarquitectos.com\/en\/projects\/cipfp-valle-del-cidacos\/\">Vocational Training Centre &#8220;Valle del Cidacos&#8221;<\/a> in Calahorra <\/p>\n\n\n\n<p><strong>(6)<\/strong>&nbsp;Mag\u00e9n Arquitectos y COR Asoc SL ganan el concurso para los <a href=\"https:\/\/magenarquitectos.com\/proyectos\/institutos-de-investigacion-quimica-csic\/\">nuevos Institutos de Investigaci\u00f3n Qu\u00edmica del CSIC en Madrid<\/a> \/ Magen Arquitectos wins the competition for the <a href=\"https:\/\/magenarquitectos.com\/en\/projects\/cipfp-valle-del-cidacos\/\">new Chemistry Labs of CSIC in Madrid<\/a> <\/p>\n\n\n\n<p><strong>(7)<\/strong>&nbsp;En construcci\u00f3n: Reforma y Ampliaci\u00f3n de la <a href=\"https:\/\/magenarquitectos.com\/proyectos\/facultad-de-filosofia-y-letras-universidad-de-zaragoza\/\">Facultad de Filosof\u00eda y Letras. Universidad de Zaragoza<\/a> \/ In progress:<a href=\"https:\/\/magenarquitectos.com\/en\/projects\/facultad-de-filosofia-y-letras-universidad-de-zaragoza\"> Renovation and Extension of Philosophy Faculty. University of Zaragoza<\/a><\/p>\n\n\n\n<p><strong>(8)<\/strong>&nbsp;El <a href=\"https:\/\/magenarquitectos.com\/proyectos\/pabellon-bar-restaurante-estadio-miralbueno-el-olivar\/\">Pabell\u00f3n de hosteler\u00eda del CDM El Olivar<\/a>, en el Anuario Espa\u00f1a 2022 de Arquitectura Viva <a href=\"https:\/\/magenarquitectos.com\/el-pabellon-de-hosteleria-del-cdm-el-olivar-en-el-anuario-espana-2022-de-arquitectura-viva\/\">[ir]<\/a> \/ <a href=\"https:\/\/magenarquitectos.com\/en\/projects\/el-olivar-clubhouse-pavillion\/\">Hostelry pavilion in CDM El Olivar<\/a>, published in AV2022 Spain Yearbook <a href=\"https:\/\/magenarquitectos.com\/el-pabellon-de-hosteleria-del-cdm-el-olivar-en-el-anuario-espana-2022-de-arquitectura-viva\/\">[go]<\/a><\/p>\n\n\n\n<p><strong>(9)<\/strong> Conferencia &#8220;Mag\u00e9n Arquitectos: Materialidad y Contexto&#8221; en la Universidad Europea de Madrid dentro del ciclo &#8220;Lecciones aprendidas&#8221; organizado por Hispalyt&nbsp;<a href=\"https:\/\/magenarquitectos.com\/en\/conferencia-en-la-uem-magen-arquitectos-materialidad-y-contexto\/\">[ir]<\/a> \/ Lecture &#8220;Magen Arquitectos: Materiality and Context&#8221; in Universidad Europea in Madrid within the lecture cycle &#8220;Learned lessons&#8221; organized by Hispalyt <a href=\"https:\/\/magenarquitectos.com\/en\/conferencia-en-la-uem-magen-arquitectos-materialidad-y-contexto\/\">[go]<\/a><\/p>\n\n\n\n<p><strong>(10)<\/strong>&nbsp;Finalizadas las obras del <a href=\"https:\/\/magenarquitectos.com\/proyectos\/c-e-i-p-parque-venecia\/\">Centro de Educaci\u00f3n Infantil Mar\u00eda Zambrano<\/a> en Zaragoza \/ Finished works of <a href=\"https:\/\/magenarquitectos.com\/en\/projects\/school-complex-parque-venecia\/\">Kindergarten Maria Zambrano<\/a> in Zaragoza.<\/p>\n\n\n\n<p><strong>(11)<\/strong>&nbsp;Mag\u00e9n Arquitectos gana el concurso del <a href=\"https:\/\/magenarquitectos.com\/proyectos\/parque-de-bomberos-la-cartuja-zaragoza\/\">Parque de Bomberos La Cartuja en Zaragoza<\/a> \/ Magen Arquitectos wins the competition for the <a href=\"https:\/\/magenarquitectos.com\/en\/projects\/fire-station-la-cartuja-zaragoza\/\">Fire Station La Cartuja in Zaragoza<\/a><\/p>\n\n\n\n<p><strong>(12)<\/strong>&nbsp;El <a href=\"http:\/\/magenarquitectos.com\/auditorio-de-illueca\/\">Teatro-Auditorio de Illueca<\/a>, <a href=\"https:\/\/magenarquitectos.com\/el-teatro-auditorio-de-illueca-finalista-del-detail-award-2022\/\">Finalista del Detail Award 2022<\/a>, <a href=\"https:\/\/magenarquitectos.com\/el-teatro-auditorio-de-illueca-brick-award-22-nominee\/\">Brick Award 22 Nominee<\/a> y <a href=\"https:\/\/magenarquitectos.com\/el-teatro-auditorio-de-illueca-seleccionado-en-la-x-bienal-international-de-arquitectura-barbara-cappochin\/\">Seleccionado en la X Bienal Internacional de Arquitectura Barbara Cappochin<\/a> \/ <a href=\"http:\/\/english.magenarquitectos.com\/illueca-auditorium\/\">Theatre-Auditorium in Illueca<\/a>, <a href=\"https:\/\/magenarquitectos.com\/el-teatro-auditorio-de-illueca-finalista-del-detail-award-2022\/\">Finalist in Detail Award 2022<\/a>, <a href=\"https:\/\/magenarquitectos.com\/el-teatro-auditorio-de-illueca-brick-award-22-nominee\/\" data-type=\"URL\" data-id=\"https:\/\/magenarquitectos.com\/el-teatro-auditorio-de-illueca-brick-award-22-nominee\/\">Brick Award 22 Nominee<\/a> and <a href=\"https:\/\/magenarquitectos.com\/el-teatro-auditorio-de-illueca-seleccionado-en-la-x-bienal-international-de-arquitectura-barbara-cappochin\/\">Selected in X International Biennial of Architecture Barbara Cappochin <\/a><\/p>\n\n\n\n<p><\/p>\n","protected":false},"excerpt":{"rendered":"<p>(1)&nbsp;Mag\u00e9n Arquitectos gana el concurso del Centro de Emergencias y Seguridad Ciudadana de Huesca [ir]\/ Magen Arquitectos wins the competition for the Emergency Center in Huesca [go] (2)&nbsp;En construcci\u00f3n: Centro Escolar y Polideportivo en Spandau. Berl\u00edn \/ In progress: Primary School and Sports Hall in Spandau, Berlin, (3)&nbsp;Mag\u00e9n Arquitectos gana el concurso para la Rehabilitaci\u00f3n [&hellip;]<\/p>\n","protected":false},"author":1,"featured_media":0,"comment_status":"open","ping_status":"open","sticky":false,"template":"","format":"standard","meta":{"_monsterinsights_skip_tracking":false,"_monsterinsights_sitenote_active":false,"_monsterinsights_sitenote_note":"","_monsterinsights_sitenote_category":0},"categories":[86,195,202,75,196,76,15,212,213,77,78,97,65,66,67,139,223,132,204,69,125,217,14,113,90,194,92,146,95,117],"tags":[114,115,106,62,129,134,79,80,140,85,141,216,89,70,93,94,82,83,74],"_links":{"self":[{"href":"https:\/\/magenarquitectos.com\/en\/wp-json\/wp\/v2\/posts\/17250"}],"collection":[{"href":"https:\/\/magenarquitectos.com\/en\/wp-json\/wp\/v2\/posts"}],"about":[{"href":"https:\/\/magenarquitectos.com\/en\/wp-json\/wp\/v2\/types\/post"}],"author":[{"embeddable":true,"href":"https:\/\/magenarquitectos.com\/en\/wp-json\/wp\/v2\/users\/1"}],"replies":[{"embeddable":true,"href":"https:\/\/magenarquitectos.com\/en\/wp-json\/wp\/v2\/comments?post=17250"}],"version-history":[{"count":8,"href":"https:\/\/magenarquitectos.com\/en\/wp-json\/wp\/v2\/posts\/17250\/revisions"}],"predecessor-version":[{"id":17284,"href":"https:\/\/magenarquitectos.com\/en\/wp-json\/wp\/v2\/posts\/17250\/revisions\/17284"}],"wp:attachment":[{"href":"https:\/\/magenarquitectos.com\/en\/wp-json\/wp\/v2\/media?parent=17250"}],"wp:term":[{"taxonomy":"category","embeddable":true,"href":"https:\/\/magenarquitectos.com\/en\/wp-json\/wp\/v2\/categories?post=17250"},{"taxonomy":"post_tag","embeddable":true,"href":"https:\/\/magenarquitectos.com\/en\/wp-json\/wp\/v2\/tags?post=17250"}],"curies":[{"name":"wp","href":"https:\/\/api.w.org\/{rel}","templated":true}]}}