{"id":17285,"date":"2023-01-12T09:00:00","date_gmt":"2023-01-12T09:00:00","guid":{"rendered":"https:\/\/magenarquitectos.com\/?p=17285"},"modified":"2023-01-09T09:17:46","modified_gmt":"2023-01-09T09:17:46","slug":"en-construccion-reforma-y-ampliacion-de-la-facultad-de-filosofia-y-letras-universidad-de-zaragoza-35","status":"publish","type":"post","link":"https:\/\/magenarquitectos.com\/en\/en-construccion-reforma-y-ampliacion-de-la-facultad-de-filosofia-y-letras-universidad-de-zaragoza-35\/","title":{"rendered":"En construcci\u00f3n: Reforma y Ampliaci\u00f3n de la Facultad de Filosof\u00eda y Letras. Universidad de Zaragoza"},"content":{"rendered":"\n<figure class=\"wp-block-image size-large\"><img loading=\"lazy\" width=\"1024\" height=\"1020\" src=\"https:\/\/magenarquitectos.com\/wp-content\/uploads\/2023\/01\/filosofia_0901-1024x1020.jpg\" alt=\"\" class=\"wp-image-17298\" srcset=\"https:\/\/magenarquitectos.com\/wp-content\/uploads\/2023\/01\/filosofia_0901-1024x1020.jpg 1024w, https:\/\/magenarquitectos.com\/wp-content\/uploads\/2023\/01\/filosofia_0901-300x300.jpg 300w, https:\/\/magenarquitectos.com\/wp-content\/uploads\/2023\/01\/filosofia_0901-150x150.jpg 150w, https:\/\/magenarquitectos.com\/wp-content\/uploads\/2023\/01\/filosofia_0901-768x765.jpg 768w, https:\/\/magenarquitectos.com\/wp-content\/uploads\/2023\/01\/filosofia_0901.jpg 1181w\" sizes=\"(max-width: 1024px) 100vw, 1024px\" title=\"\"><\/figure>\n\n\n\n<p>+info: <a href=\"https:\/\/magenarquitectos.com\/proyectos\/facultad-de-filosofia-y-letras-universidad-de-zaragoza\/\">Facultad de Filosof\u00eda y Letras<\/a>, <a href=\"https:\/\/magenarquitectos.com\/en\/projects\/facultad-de-filosofia-y-letras-universidad-de-zaragoza\/\">Philosophy Faculty<\/a><\/p>\n","protected":false},"excerpt":{"rendered":"<p>+info: Facultad de Filosof\u00eda y Letras, Philosophy Faculty<\/p>\n","protected":false},"author":1,"featured_media":0,"comment_status":"open","ping_status":"open","sticky":false,"template":"","format":"standard","meta":{"_monsterinsights_skip_tracking":false,"_monsterinsights_sitenote_active":false,"_monsterinsights_sitenote_note":"","_monsterinsights_sitenote_category":0},"categories":[78,97,65,139,92,117],"tags":[115,134,80,140,93,94,82,83,166,74],"_links":{"self":[{"href":"https:\/\/magenarquitectos.com\/en\/wp-json\/wp\/v2\/posts\/17285"}],"collection":[{"href":"https:\/\/magenarquitectos.com\/en\/wp-json\/wp\/v2\/posts"}],"about":[{"href":"https:\/\/magenarquitectos.com\/en\/wp-json\/wp\/v2\/types\/post"}],"author":[{"embeddable":true,"href":"https:\/\/magenarquitectos.com\/en\/wp-json\/wp\/v2\/users\/1"}],"replies":[{"embeddable":true,"href":"https:\/\/magenarquitectos.com\/en\/wp-json\/wp\/v2\/comments?post=17285"}],"version-history":[{"count":2,"href":"https:\/\/magenarquitectos.com\/en\/wp-json\/wp\/v2\/posts\/17285\/revisions"}],"predecessor-version":[{"id":17300,"href":"https:\/\/magenarquitectos.com\/en\/wp-json\/wp\/v2\/posts\/17285\/revisions\/17300"}],"wp:attachment":[{"href":"https:\/\/magenarquitectos.com\/en\/wp-json\/wp\/v2\/media?parent=17285"}],"wp:term":[{"taxonomy":"category","embeddable":true,"href":"https:\/\/magenarquitectos.com\/en\/wp-json\/wp\/v2\/categories?post=17285"},{"taxonomy":"post_tag","embeddable":true,"href":"https:\/\/magenarquitectos.com\/en\/wp-json\/wp\/v2\/tags?post=17285"}],"curies":[{"name":"wp","href":"https:\/\/api.w.org\/{rel}","templated":true}]}}