{"id":17293,"date":"2023-01-19T09:00:00","date_gmt":"2023-01-19T09:00:00","guid":{"rendered":"https:\/\/magenarquitectos.com\/?p=17293"},"modified":"2023-01-04T16:53:12","modified_gmt":"2023-01-04T16:53:12","slug":"en-construccion-escuela-primaria-y-pabellon-polideportivo-spandau-berlin-8","status":"publish","type":"post","link":"https:\/\/magenarquitectos.com\/en\/en-construccion-escuela-primaria-y-pabellon-polideportivo-spandau-berlin-8\/","title":{"rendered":"En construcci\u00f3n: Escuela Primaria y Pabell\u00f3n Polideportivo. Spandau. Berl\u00edn"},"content":{"rendered":"\n<figure class=\"wp-block-image size-full\"><img loading=\"lazy\" width=\"1575\" height=\"756\" src=\"https:\/\/magenarquitectos.com\/wp-content\/uploads\/2023\/01\/spandau_1901.jpg\" alt=\"\" class=\"wp-image-17294\" srcset=\"https:\/\/magenarquitectos.com\/wp-content\/uploads\/2023\/01\/spandau_1901.jpg 1575w, https:\/\/magenarquitectos.com\/wp-content\/uploads\/2023\/01\/spandau_1901-300x144.jpg 300w, https:\/\/magenarquitectos.com\/wp-content\/uploads\/2023\/01\/spandau_1901-1024x492.jpg 1024w, https:\/\/magenarquitectos.com\/wp-content\/uploads\/2023\/01\/spandau_1901-768x369.jpg 768w, https:\/\/magenarquitectos.com\/wp-content\/uploads\/2023\/01\/spandau_1901-1536x737.jpg 1536w\" sizes=\"(max-width: 1575px) 100vw, 1575px\" title=\"\"><\/figure>\n\n\n\n<p>+info: <a href=\"https:\/\/magenarquitectos.com\/proyectos\/escuela-primaria-y-pabellon-polideportivo-spandau-berlin\/\">Escuela Primaria y Polideportivo. Spandau<\/a>, <a href=\"https:\/\/magenarquitectos.com\/en\/projects\/primary-school-and-sports-pavilion-spandau-berlin\/\">Primary School. Spandau<\/a><\/p>\n","protected":false},"excerpt":{"rendered":"<p>+info: Escuela Primaria y Polideportivo. Spandau, Primary School. Spandau<\/p>\n","protected":false},"author":1,"featured_media":0,"comment_status":"open","ping_status":"open","sticky":false,"template":"","format":"standard","meta":{"_monsterinsights_skip_tracking":false,"_monsterinsights_sitenote_active":false,"_monsterinsights_sitenote_note":"","_monsterinsights_sitenote_category":0},"categories":[97,65,139,117],"tags":[115,229,134,80,140,176,74],"_links":{"self":[{"href":"https:\/\/magenarquitectos.com\/en\/wp-json\/wp\/v2\/posts\/17293"}],"collection":[{"href":"https:\/\/magenarquitectos.com\/en\/wp-json\/wp\/v2\/posts"}],"about":[{"href":"https:\/\/magenarquitectos.com\/en\/wp-json\/wp\/v2\/types\/post"}],"author":[{"embeddable":true,"href":"https:\/\/magenarquitectos.com\/en\/wp-json\/wp\/v2\/users\/1"}],"replies":[{"embeddable":true,"href":"https:\/\/magenarquitectos.com\/en\/wp-json\/wp\/v2\/comments?post=17293"}],"version-history":[{"count":1,"href":"https:\/\/magenarquitectos.com\/en\/wp-json\/wp\/v2\/posts\/17293\/revisions"}],"predecessor-version":[{"id":17296,"href":"https:\/\/magenarquitectos.com\/en\/wp-json\/wp\/v2\/posts\/17293\/revisions\/17296"}],"wp:attachment":[{"href":"https:\/\/magenarquitectos.com\/en\/wp-json\/wp\/v2\/media?parent=17293"}],"wp:term":[{"taxonomy":"category","embeddable":true,"href":"https:\/\/magenarquitectos.com\/en\/wp-json\/wp\/v2\/categories?post=17293"},{"taxonomy":"post_tag","embeddable":true,"href":"https:\/\/magenarquitectos.com\/en\/wp-json\/wp\/v2\/tags?post=17293"}],"curies":[{"name":"wp","href":"https:\/\/api.w.org\/{rel}","templated":true}]}}