{"id":17307,"date":"2023-01-31T21:12:46","date_gmt":"2023-01-31T21:12:46","guid":{"rendered":"https:\/\/magenarquitectos.com\/?p=17307"},"modified":"2023-01-31T21:12:49","modified_gmt":"2023-01-31T21:12:49","slug":"presentacion-del-proyecto-de-reforma-de-la-residencia-de-borja","status":"publish","type":"post","link":"https:\/\/magenarquitectos.com\/en\/presentacion-del-proyecto-de-reforma-de-la-residencia-de-borja\/","title":{"rendered":"Presentaci\u00f3n del Proyecto de Reforma de la Residencia de Borja"},"content":{"rendered":"\n<figure class=\"wp-block-image size-large\"><img loading=\"lazy\" width=\"1024\" height=\"572\" src=\"https:\/\/magenarquitectos.com\/wp-content\/uploads\/2023\/01\/presentacion_borja-1024x572.jpg\" alt=\"\" class=\"wp-image-17308\" srcset=\"https:\/\/magenarquitectos.com\/wp-content\/uploads\/2023\/01\/presentacion_borja-1024x572.jpg 1024w, https:\/\/magenarquitectos.com\/wp-content\/uploads\/2023\/01\/presentacion_borja-300x168.jpg 300w, https:\/\/magenarquitectos.com\/wp-content\/uploads\/2023\/01\/presentacion_borja-768x429.jpg 768w, https:\/\/magenarquitectos.com\/wp-content\/uploads\/2023\/01\/presentacion_borja.jpg 1181w\" sizes=\"(max-width: 1024px) 100vw, 1024px\" title=\"\"><\/figure>\n\n\n\n<p>El pasado lunes se present\u00f3 en Borja el Proyecto de Reforma de la Residencia de Mayores de Borja del IASS, redactado por Mag\u00e9n Arquitectos, basado en el modelo de Atenci\u00f3n Integral Centrada en la Persona (AICP), para la creaci\u00f3n de nuevas unidades de convivencia y la mejora de la eficiencia energ\u00e9tica del complejo.<\/p>\n\n\n\n<p>Al acto asistieron el Presidente del Gobierno de Arag\u00f3n, Javier Lamb\u00e1n, la Consejera de Ciudadan\u00eda y Derechos Sociales, Marivi Broto, y el alcalde de Borja, Eduardo Arilla. <\/p>\n\n\n\n<p>+info: <a href=\"https:\/\/www.elperiodicodearagon.com\/aragon\/2023\/01\/30\/gobierno-aragon-invierte-4-1-82215779.html\" rel=\"nofollow noopener\" target=\"_blank\">El Peri\u00f3dico de Arag\u00f3n<\/a><\/p>\n\n\n\n<p>+ info: <a href=\"https:\/\/magenarquitectos.com\/proyectos\/rehabilitacion-de-la-residencia-de-mayores-de-borja\/\">Reforma de la Residencia de Borja<\/a>, <a href=\"https:\/\/magenarquitectos.com\/en\/projects\/renovation-of-nursing-home-in-borja\/\">Renovation of Nursing Home in Borja<\/a><\/p>\n","protected":false},"excerpt":{"rendered":"<p>El pasado lunes se present\u00f3 en Borja el Proyecto de Reforma de la Residencia de Mayores de Borja del IASS, redactado por Mag\u00e9n Arquitectos, basado en el modelo de Atenci\u00f3n Integral Centrada en la Persona (AICP), para la creaci\u00f3n de nuevas unidades de convivencia y la mejora de la eficiencia energ\u00e9tica del complejo. Al acto [&hellip;]<\/p>\n","protected":false},"author":1,"featured_media":0,"comment_status":"open","ping_status":"open","sticky":false,"template":"","format":"standard","meta":{"_monsterinsights_skip_tracking":false,"_monsterinsights_sitenote_active":false,"_monsterinsights_sitenote_note":"","_monsterinsights_sitenote_category":0},"categories":[78,65,223,92],"tags":[115,93,94,228,82,83,74],"_links":{"self":[{"href":"https:\/\/magenarquitectos.com\/en\/wp-json\/wp\/v2\/posts\/17307"}],"collection":[{"href":"https:\/\/magenarquitectos.com\/en\/wp-json\/wp\/v2\/posts"}],"about":[{"href":"https:\/\/magenarquitectos.com\/en\/wp-json\/wp\/v2\/types\/post"}],"author":[{"embeddable":true,"href":"https:\/\/magenarquitectos.com\/en\/wp-json\/wp\/v2\/users\/1"}],"replies":[{"embeddable":true,"href":"https:\/\/magenarquitectos.com\/en\/wp-json\/wp\/v2\/comments?post=17307"}],"version-history":[{"count":1,"href":"https:\/\/magenarquitectos.com\/en\/wp-json\/wp\/v2\/posts\/17307\/revisions"}],"predecessor-version":[{"id":17310,"href":"https:\/\/magenarquitectos.com\/en\/wp-json\/wp\/v2\/posts\/17307\/revisions\/17310"}],"wp:attachment":[{"href":"https:\/\/magenarquitectos.com\/en\/wp-json\/wp\/v2\/media?parent=17307"}],"wp:term":[{"taxonomy":"category","embeddable":true,"href":"https:\/\/magenarquitectos.com\/en\/wp-json\/wp\/v2\/categories?post=17307"},{"taxonomy":"post_tag","embeddable":true,"href":"https:\/\/magenarquitectos.com\/en\/wp-json\/wp\/v2\/tags?post=17307"}],"curies":[{"name":"wp","href":"https:\/\/api.w.org\/{rel}","templated":true}]}}