{"id":1731,"date":"2010-10-27T18:39:12","date_gmt":"2010-10-27T18:39:12","guid":{"rendered":"http:\/\/magenarquitectos.wordpress.com\/?p=1731"},"modified":"2021-06-17T10:18:19","modified_gmt":"2021-06-17T10:18:19","slug":"magen-arquitectos-en-el-foro-arquiaproxima-en-la-etsam","status":"publish","type":"post","link":"https:\/\/magenarquitectos.com\/en\/magen-arquitectos-en-el-foro-arquiaproxima-en-la-etsam\/","title":{"rendered":"Mag\u00e9n Arquitectos en el Foro Arquia\/Pr\u00f3xima en la ETSAM."},"content":{"rendered":"<p>Mag\u00e9n Arquitectos present\u00f3 en el Sal\u00f3n de Actos de la ETSAM en Madrid la Sede del Servicio de Medio Ambiente de Zaragoza, como finalista de la 2\u00aa edici\u00f3n del Programa bienal Arquia\/Pr\u00f3xima de J\u00f3venes Arquitectos Espa\u00f1oles.<\/p>\n<p>Mag\u00e9n Arquitectos presented Environmental Department of Zaragoza City Council in ETSAM Conference Hall, as finalist in II Biennal of Young Spanish Architects Arqu\u00eda\/Pr\u00f3xima.<\/p>\n<p>+info: <a href=\"http:\/\/www.arquia.es\/proxima\" rel=\"nofollow noopener\" target=\"_blank\">www.arquia.es\/proxima<\/a><\/p>\n<p><a href=\"https:\/\/magenarquitectos.com\/wp-content\/uploads\/2021\/06\/dsc01904.jpg\"><img loading=\"lazy\" class=\"size-full wp-image-8574 aligncenter\" src=\"https:\/\/magenarquitectos.com\/wp-content\/uploads\/2021\/06\/dsc01904.jpg\" alt=\"dsc01904\" width=\"650\" height=\"454\" title=\"\"><\/a><\/p>\n","protected":false},"excerpt":{"rendered":"<p>Mag\u00e9n Arquitectos present\u00f3 en el Sal\u00f3n de Actos de la ETSAM en Madrid la Sede del Servicio de Medio Ambiente de Zaragoza, como finalista de la 2\u00aa edici\u00f3n del Programa bienal Arquia\/Pr\u00f3xima de J\u00f3venes Arquitectos Espa\u00f1oles. Mag\u00e9n Arquitectos presented Environmental Department of Zaragoza City Council in ETSAM Conference Hall, as finalist in II Biennal of [&hellip;]<\/p>\n","protected":false},"author":1,"featured_media":0,"comment_status":"open","ping_status":"open","sticky":false,"template":"","format":"standard","meta":{"_monsterinsights_skip_tracking":false,"_monsterinsights_sitenote_active":false,"_monsterinsights_sitenote_note":"","_monsterinsights_sitenote_category":0},"categories":[76,78,65,130,131],"tags":[62,129,79,80,87,81,70,82,83],"_links":{"self":[{"href":"https:\/\/magenarquitectos.com\/en\/wp-json\/wp\/v2\/posts\/1731"}],"collection":[{"href":"https:\/\/magenarquitectos.com\/en\/wp-json\/wp\/v2\/posts"}],"about":[{"href":"https:\/\/magenarquitectos.com\/en\/wp-json\/wp\/v2\/types\/post"}],"author":[{"embeddable":true,"href":"https:\/\/magenarquitectos.com\/en\/wp-json\/wp\/v2\/users\/1"}],"replies":[{"embeddable":true,"href":"https:\/\/magenarquitectos.com\/en\/wp-json\/wp\/v2\/comments?post=1731"}],"version-history":[{"count":1,"href":"https:\/\/magenarquitectos.com\/en\/wp-json\/wp\/v2\/posts\/1731\/revisions"}],"predecessor-version":[{"id":13821,"href":"https:\/\/magenarquitectos.com\/en\/wp-json\/wp\/v2\/posts\/1731\/revisions\/13821"}],"wp:attachment":[{"href":"https:\/\/magenarquitectos.com\/en\/wp-json\/wp\/v2\/media?parent=1731"}],"wp:term":[{"taxonomy":"category","embeddable":true,"href":"https:\/\/magenarquitectos.com\/en\/wp-json\/wp\/v2\/categories?post=1731"},{"taxonomy":"post_tag","embeddable":true,"href":"https:\/\/magenarquitectos.com\/en\/wp-json\/wp\/v2\/tags?post=1731"}],"curies":[{"name":"wp","href":"https:\/\/api.w.org\/{rel}","templated":true}]}}