{"id":17327,"date":"2023-02-21T09:00:00","date_gmt":"2023-02-21T09:00:00","guid":{"rendered":"https:\/\/magenarquitectos.com\/?p=17327"},"modified":"2023-02-20T17:50:32","modified_gmt":"2023-02-20T17:50:32","slug":"el-teatro-auditorio-de-illueca-publicado-en-bauwelt-magazine","status":"publish","type":"post","link":"https:\/\/magenarquitectos.com\/en\/el-teatro-auditorio-de-illueca-publicado-en-bauwelt-magazine\/","title":{"rendered":"El Teatro-Auditorio de Illueca, publicado en Bauwelt Magazine"},"content":{"rendered":"\n<p><br>El n\u00famero 04.2023 de la revista alemana de arquitectura BAUWELT, &#8220;Danza, Teatro y m\u00e1s&#8221; incluye un art\u00edculo sobre el Teatro-Auditorio de Illueca, adem\u00e1s de la foto de portada.<\/p>\n\n\n\n<p>German architectural publication Bauwelt\u00a0 features the Theatre-Auditorium of Illueca\u00a0 in its 4\/2023 issue, &#8220;Tanz, Theater und mehr&#8221;.<\/p>\n\n\n\n<figure class=\"wp-block-image size-large\"><img loading=\"lazy\" width=\"826\" height=\"1024\" src=\"https:\/\/magenarquitectos.com\/wp-content\/uploads\/2023\/02\/illueca_bauwelt-826x1024.jpg\" alt=\"\" class=\"wp-image-17328\" srcset=\"https:\/\/magenarquitectos.com\/wp-content\/uploads\/2023\/02\/illueca_bauwelt-826x1024.jpg 826w, https:\/\/magenarquitectos.com\/wp-content\/uploads\/2023\/02\/illueca_bauwelt-242x300.jpg 242w, https:\/\/magenarquitectos.com\/wp-content\/uploads\/2023\/02\/illueca_bauwelt-768x952.jpg 768w, https:\/\/magenarquitectos.com\/wp-content\/uploads\/2023\/02\/illueca_bauwelt.jpg 1000w\" sizes=\"(max-width: 826px) 100vw, 826px\" title=\"\"><\/figure>\n\n\n\n<p>+ info: <a href=\"https:\/\/magenarquitectos.com\/proyectos\/auditorio-de-illueca\/\">Teatro-Auditorio de Illueca<\/a>, <a href=\"https:\/\/magenarquitectos.com\/en\/projects\/illueca-auditorium\/\">Theatre-Auditorium in Illueca<\/a><\/p>\n","protected":false},"excerpt":{"rendered":"<p>El n\u00famero 04.2023 de la revista alemana de arquitectura BAUWELT, &#8220;Danza, Teatro y m\u00e1s&#8221; incluye un art\u00edculo sobre el Teatro-Auditorio de Illueca, adem\u00e1s de la foto de portada. German architectural publication Bauwelt\u00a0 features the Theatre-Auditorium of Illueca\u00a0 in its 4\/2023 issue, &#8220;Tanz, Theater und mehr&#8221;. + info: Teatro-Auditorio de Illueca, Theatre-Auditorium in Illueca<\/p>\n","protected":false},"author":1,"featured_media":0,"comment_status":"open","ping_status":"open","sticky":false,"template":"","format":"standard","meta":{"_monsterinsights_skip_tracking":false,"_monsterinsights_sitenote_active":false,"_monsterinsights_sitenote_note":"","_monsterinsights_sitenote_category":0},"categories":[65,66,90,194],"tags":[115,106,221,74],"_links":{"self":[{"href":"https:\/\/magenarquitectos.com\/en\/wp-json\/wp\/v2\/posts\/17327"}],"collection":[{"href":"https:\/\/magenarquitectos.com\/en\/wp-json\/wp\/v2\/posts"}],"about":[{"href":"https:\/\/magenarquitectos.com\/en\/wp-json\/wp\/v2\/types\/post"}],"author":[{"embeddable":true,"href":"https:\/\/magenarquitectos.com\/en\/wp-json\/wp\/v2\/users\/1"}],"replies":[{"embeddable":true,"href":"https:\/\/magenarquitectos.com\/en\/wp-json\/wp\/v2\/comments?post=17327"}],"version-history":[{"count":1,"href":"https:\/\/magenarquitectos.com\/en\/wp-json\/wp\/v2\/posts\/17327\/revisions"}],"predecessor-version":[{"id":17330,"href":"https:\/\/magenarquitectos.com\/en\/wp-json\/wp\/v2\/posts\/17327\/revisions\/17330"}],"wp:attachment":[{"href":"https:\/\/magenarquitectos.com\/en\/wp-json\/wp\/v2\/media?parent=17327"}],"wp:term":[{"taxonomy":"category","embeddable":true,"href":"https:\/\/magenarquitectos.com\/en\/wp-json\/wp\/v2\/categories?post=17327"},{"taxonomy":"post_tag","embeddable":true,"href":"https:\/\/magenarquitectos.com\/en\/wp-json\/wp\/v2\/tags?post=17327"}],"curies":[{"name":"wp","href":"https:\/\/api.w.org\/{rel}","templated":true}]}}