{"id":17331,"date":"2023-03-02T09:00:00","date_gmt":"2023-03-02T09:00:00","guid":{"rendered":"https:\/\/magenarquitectos.com\/?p=17331"},"modified":"2023-10-14T18:51:29","modified_gmt":"2023-10-14T18:51:29","slug":"en-construccion-escuela-primaria-y-pabellon-polideportivo-spandau-berlin-9","status":"publish","type":"post","link":"https:\/\/magenarquitectos.com\/en\/en-construccion-escuela-primaria-y-pabellon-polideportivo-spandau-berlin-9\/","title":{"rendered":"En construcci\u00f3n: Escuela Primaria y Pabell\u00f3n Polideportivo. Spandau. Berl\u00edn"},"content":{"rendered":"\n<figure class=\"wp-block-image size-large\"><img loading=\"lazy\" width=\"1024\" height=\"596\" src=\"https:\/\/magenarquitectos.com\/wp-content\/uploads\/2023\/02\/spandau_2502-1024x596.jpg\" alt=\"\" class=\"wp-image-17332\" srcset=\"https:\/\/magenarquitectos.com\/wp-content\/uploads\/2023\/02\/spandau_2502-1024x596.jpg 1024w, https:\/\/magenarquitectos.com\/wp-content\/uploads\/2023\/02\/spandau_2502-300x175.jpg 300w, https:\/\/magenarquitectos.com\/wp-content\/uploads\/2023\/02\/spandau_2502-768x447.jpg 768w, https:\/\/magenarquitectos.com\/wp-content\/uploads\/2023\/02\/spandau_2502.jpg 1226w\" sizes=\"(max-width: 1024px) 100vw, 1024px\" title=\"\"><\/figure>\n\n\n\n<p>+info: <a href=\"https:\/\/magenarquitectos.com\/proyectos\/escuela-primaria-y-pabellon-polideportivo-spandau-berlin\/\">Escuela Primaria y Polideportivo. Spandau<\/a>, <a href=\"https:\/\/magenarquitectos.com\/en\/projects\/primary-school-and-sports-pavilion-spandau-berlin\/\">Primary School. Spandau<\/a><\/p>\n","protected":false},"excerpt":{"rendered":"<p>+info: Escuela Primaria y Polideportivo. Spandau, Primary School. Spandau<\/p>\n","protected":false},"author":1,"featured_media":0,"comment_status":"open","ping_status":"open","sticky":false,"template":"","format":"standard","meta":{"_monsterinsights_skip_tracking":false,"_monsterinsights_sitenote_active":false,"_monsterinsights_sitenote_note":"","_monsterinsights_sitenote_category":0},"categories":[97,65,139,117],"tags":[114,115,229,80,140,176,74],"_links":{"self":[{"href":"https:\/\/magenarquitectos.com\/en\/wp-json\/wp\/v2\/posts\/17331"}],"collection":[{"href":"https:\/\/magenarquitectos.com\/en\/wp-json\/wp\/v2\/posts"}],"about":[{"href":"https:\/\/magenarquitectos.com\/en\/wp-json\/wp\/v2\/types\/post"}],"author":[{"embeddable":true,"href":"https:\/\/magenarquitectos.com\/en\/wp-json\/wp\/v2\/users\/1"}],"replies":[{"embeddable":true,"href":"https:\/\/magenarquitectos.com\/en\/wp-json\/wp\/v2\/comments?post=17331"}],"version-history":[{"count":1,"href":"https:\/\/magenarquitectos.com\/en\/wp-json\/wp\/v2\/posts\/17331\/revisions"}],"predecessor-version":[{"id":17334,"href":"https:\/\/magenarquitectos.com\/en\/wp-json\/wp\/v2\/posts\/17331\/revisions\/17334"}],"wp:attachment":[{"href":"https:\/\/magenarquitectos.com\/en\/wp-json\/wp\/v2\/media?parent=17331"}],"wp:term":[{"taxonomy":"category","embeddable":true,"href":"https:\/\/magenarquitectos.com\/en\/wp-json\/wp\/v2\/categories?post=17331"},{"taxonomy":"post_tag","embeddable":true,"href":"https:\/\/magenarquitectos.com\/en\/wp-json\/wp\/v2\/tags?post=17331"}],"curies":[{"name":"wp","href":"https:\/\/api.w.org\/{rel}","templated":true}]}}