{"id":17361,"date":"2023-04-11T08:45:00","date_gmt":"2023-04-11T08:45:00","guid":{"rendered":"https:\/\/magenarquitectos.com\/?p=17361"},"modified":"2023-04-11T08:44:11","modified_gmt":"2023-04-11T08:44:11","slug":"en-construccion-reforma-y-ampliacion-de-la-facultad-de-filosofia-y-letras-universidad-de-zaragoza-37","status":"publish","type":"post","link":"https:\/\/magenarquitectos.com\/en\/en-construccion-reforma-y-ampliacion-de-la-facultad-de-filosofia-y-letras-universidad-de-zaragoza-37\/","title":{"rendered":"En construcci\u00f3n: Reforma y Ampliaci\u00f3n de la Facultad de Filosof\u00eda y Letras. Universidad de Zaragoza"},"content":{"rendered":"\n<p>Pruebas de iluminaci\u00f3n nocturna (I)<\/p>\n\n\n\n<figure class=\"wp-block-image size-large\"><img loading=\"lazy\" width=\"768\" height=\"1024\" src=\"https:\/\/magenarquitectos.com\/wp-content\/uploads\/2023\/04\/filosofia_0403-768x1024.jpg\" alt=\"\" class=\"wp-image-17362\" srcset=\"https:\/\/magenarquitectos.com\/wp-content\/uploads\/2023\/04\/filosofia_0403-768x1024.jpg 768w, https:\/\/magenarquitectos.com\/wp-content\/uploads\/2023\/04\/filosofia_0403-225x300.jpg 225w, https:\/\/magenarquitectos.com\/wp-content\/uploads\/2023\/04\/filosofia_0403.jpg 886w\" sizes=\"(max-width: 768px) 100vw, 768px\" title=\"\"><\/figure>\n\n\n\n<figure class=\"wp-block-image size-large\"><img loading=\"lazy\" width=\"768\" height=\"1024\" src=\"https:\/\/magenarquitectos.com\/wp-content\/uploads\/2023\/04\/filosofia2_0403-768x1024.jpg\" alt=\"\" class=\"wp-image-17364\" srcset=\"https:\/\/magenarquitectos.com\/wp-content\/uploads\/2023\/04\/filosofia2_0403-768x1024.jpg 768w, https:\/\/magenarquitectos.com\/wp-content\/uploads\/2023\/04\/filosofia2_0403-225x300.jpg 225w, https:\/\/magenarquitectos.com\/wp-content\/uploads\/2023\/04\/filosofia2_0403.jpg 886w\" sizes=\"(max-width: 768px) 100vw, 768px\" title=\"\"><\/figure>\n\n\n\n<p>+info: <a href=\"https:\/\/magenarquitectos.com\/proyectos\/facultad-de-filosofia-y-letras-universidad-de-zaragoza\/\">Facultad de Filosof\u00eda y Letras<\/a>, <a href=\"https:\/\/magenarquitectos.com\/en\/projects\/facultad-de-filosofia-y-letras-universidad-de-zaragoza\/\">Philosophy Faculty<\/a><\/p>\n","protected":false},"excerpt":{"rendered":"<p>Pruebas de iluminaci\u00f3n nocturna (I) +info: Facultad de Filosof\u00eda y Letras, Philosophy Faculty<\/p>\n","protected":false},"author":1,"featured_media":0,"comment_status":"open","ping_status":"open","sticky":false,"template":"","format":"standard","meta":{"_monsterinsights_skip_tracking":false,"_monsterinsights_sitenote_active":false,"_monsterinsights_sitenote_note":"","_monsterinsights_sitenote_category":0},"categories":[97,65,139,117],"tags":[115,134,80,93,94,82,83,74],"_links":{"self":[{"href":"https:\/\/magenarquitectos.com\/en\/wp-json\/wp\/v2\/posts\/17361"}],"collection":[{"href":"https:\/\/magenarquitectos.com\/en\/wp-json\/wp\/v2\/posts"}],"about":[{"href":"https:\/\/magenarquitectos.com\/en\/wp-json\/wp\/v2\/types\/post"}],"author":[{"embeddable":true,"href":"https:\/\/magenarquitectos.com\/en\/wp-json\/wp\/v2\/users\/1"}],"replies":[{"embeddable":true,"href":"https:\/\/magenarquitectos.com\/en\/wp-json\/wp\/v2\/comments?post=17361"}],"version-history":[{"count":2,"href":"https:\/\/magenarquitectos.com\/en\/wp-json\/wp\/v2\/posts\/17361\/revisions"}],"predecessor-version":[{"id":17367,"href":"https:\/\/magenarquitectos.com\/en\/wp-json\/wp\/v2\/posts\/17361\/revisions\/17367"}],"wp:attachment":[{"href":"https:\/\/magenarquitectos.com\/en\/wp-json\/wp\/v2\/media?parent=17361"}],"wp:term":[{"taxonomy":"category","embeddable":true,"href":"https:\/\/magenarquitectos.com\/en\/wp-json\/wp\/v2\/categories?post=17361"},{"taxonomy":"post_tag","embeddable":true,"href":"https:\/\/magenarquitectos.com\/en\/wp-json\/wp\/v2\/tags?post=17361"}],"curies":[{"name":"wp","href":"https:\/\/api.w.org\/{rel}","templated":true}]}}