{"id":17370,"date":"2023-04-27T08:01:00","date_gmt":"2023-04-27T08:01:00","guid":{"rendered":"https:\/\/magenarquitectos.com\/?p=17370"},"modified":"2023-04-20T07:49:57","modified_gmt":"2023-04-20T07:49:57","slug":"en-construccion-reforma-y-ampliacion-de-la-facultad-de-filosofia-y-letras-universidad-de-zaragoza-38","status":"publish","type":"post","link":"https:\/\/magenarquitectos.com\/en\/en-construccion-reforma-y-ampliacion-de-la-facultad-de-filosofia-y-letras-universidad-de-zaragoza-38\/","title":{"rendered":"En construcci\u00f3n: Reforma y Ampliaci\u00f3n de la Facultad de Filosof\u00eda y Letras. Universidad de Zaragoza"},"content":{"rendered":"\n<p>Pruebas de iluminaci\u00f3n nocturna (II)<\/p>\n\n\n\n<figure class=\"wp-block-image size-large is-resized\"><img loading=\"lazy\" src=\"https:\/\/magenarquitectos.com\/wp-content\/uploads\/2023\/04\/filosofia_1604_1-1024x973.jpg\" alt=\"\" class=\"wp-image-17371\" width=\"766\" height=\"728\" srcset=\"https:\/\/magenarquitectos.com\/wp-content\/uploads\/2023\/04\/filosofia_1604_1-1024x973.jpg 1024w, https:\/\/magenarquitectos.com\/wp-content\/uploads\/2023\/04\/filosofia_1604_1-300x285.jpg 300w, https:\/\/magenarquitectos.com\/wp-content\/uploads\/2023\/04\/filosofia_1604_1-768x730.jpg 768w, https:\/\/magenarquitectos.com\/wp-content\/uploads\/2023\/04\/filosofia_1604_1.jpg 1181w\" sizes=\"(max-width: 766px) 100vw, 766px\" title=\"\"><\/figure>\n\n\n\n<figure class=\"wp-block-image size-large\"><img loading=\"lazy\" width=\"768\" height=\"1024\" src=\"https:\/\/magenarquitectos.com\/wp-content\/uploads\/2023\/04\/filosofia_1604_2-768x1024.jpg\" alt=\"\" class=\"wp-image-17373\" srcset=\"https:\/\/magenarquitectos.com\/wp-content\/uploads\/2023\/04\/filosofia_1604_2-768x1024.jpg 768w, https:\/\/magenarquitectos.com\/wp-content\/uploads\/2023\/04\/filosofia_1604_2-225x300.jpg 225w, https:\/\/magenarquitectos.com\/wp-content\/uploads\/2023\/04\/filosofia_1604_2.jpg 886w\" sizes=\"(max-width: 768px) 100vw, 768px\" title=\"\"><\/figure>\n\n\n\n<figure class=\"wp-block-image size-large\"><img loading=\"lazy\" width=\"773\" height=\"1024\" src=\"https:\/\/magenarquitectos.com\/wp-content\/uploads\/2023\/04\/filosofia_1604_3-773x1024.jpg\" alt=\"\" class=\"wp-image-17375\" srcset=\"https:\/\/magenarquitectos.com\/wp-content\/uploads\/2023\/04\/filosofia_1604_3-773x1024.jpg 773w, https:\/\/magenarquitectos.com\/wp-content\/uploads\/2023\/04\/filosofia_1604_3-227x300.jpg 227w, https:\/\/magenarquitectos.com\/wp-content\/uploads\/2023\/04\/filosofia_1604_3-768x1017.jpg 768w, https:\/\/magenarquitectos.com\/wp-content\/uploads\/2023\/04\/filosofia_1604_3.jpg 892w\" sizes=\"(max-width: 773px) 100vw, 773px\" title=\"\"><\/figure>\n\n\n\n<p>+info: <a href=\"https:\/\/magenarquitectos.com\/proyectos\/facultad-de-filosofia-y-letras-universidad-de-zaragoza\/\">Facultad de Filosof\u00eda y Letras<\/a>, <a href=\"https:\/\/magenarquitectos.com\/en\/projects\/facultad-de-filosofia-y-letras-universidad-de-zaragoza\/\">Philosophy Faculty<\/a><\/p>\n","protected":false},"excerpt":{"rendered":"<p>Pruebas de iluminaci\u00f3n nocturna (II) +info: Facultad de Filosof\u00eda y Letras, Philosophy Faculty<\/p>\n","protected":false},"author":1,"featured_media":0,"comment_status":"open","ping_status":"open","sticky":false,"template":"","format":"standard","meta":{"_monsterinsights_skip_tracking":false,"_monsterinsights_sitenote_active":false,"_monsterinsights_sitenote_note":"","_monsterinsights_sitenote_category":0},"categories":[97,65,139,92,117],"tags":[115,134,80,140,93,94,82,83,166,74],"_links":{"self":[{"href":"https:\/\/magenarquitectos.com\/en\/wp-json\/wp\/v2\/posts\/17370"}],"collection":[{"href":"https:\/\/magenarquitectos.com\/en\/wp-json\/wp\/v2\/posts"}],"about":[{"href":"https:\/\/magenarquitectos.com\/en\/wp-json\/wp\/v2\/types\/post"}],"author":[{"embeddable":true,"href":"https:\/\/magenarquitectos.com\/en\/wp-json\/wp\/v2\/users\/1"}],"replies":[{"embeddable":true,"href":"https:\/\/magenarquitectos.com\/en\/wp-json\/wp\/v2\/comments?post=17370"}],"version-history":[{"count":1,"href":"https:\/\/magenarquitectos.com\/en\/wp-json\/wp\/v2\/posts\/17370\/revisions"}],"predecessor-version":[{"id":17377,"href":"https:\/\/magenarquitectos.com\/en\/wp-json\/wp\/v2\/posts\/17370\/revisions\/17377"}],"wp:attachment":[{"href":"https:\/\/magenarquitectos.com\/en\/wp-json\/wp\/v2\/media?parent=17370"}],"wp:term":[{"taxonomy":"category","embeddable":true,"href":"https:\/\/magenarquitectos.com\/en\/wp-json\/wp\/v2\/categories?post=17370"},{"taxonomy":"post_tag","embeddable":true,"href":"https:\/\/magenarquitectos.com\/en\/wp-json\/wp\/v2\/tags?post=17370"}],"curies":[{"name":"wp","href":"https:\/\/api.w.org\/{rel}","templated":true}]}}