{"id":17386,"date":"2023-04-25T10:41:03","date_gmt":"2023-04-25T10:41:03","guid":{"rendered":"https:\/\/magenarquitectos.com\/?p=17386"},"modified":"2023-04-25T10:41:06","modified_gmt":"2023-04-25T10:41:06","slug":"trazas-trazos-trozos-de-arquitectura-scalae","status":"publish","type":"post","link":"https:\/\/magenarquitectos.com\/en\/trazas-trazos-trozos-de-arquitectura-scalae\/","title":{"rendered":"&#8220;Trazas, trazos, trozos&#8230;de Arquitectura&#8221;. Scalae"},"content":{"rendered":"\n<figure class=\"wp-block-image size-large\"><img loading=\"lazy\" width=\"1007\" height=\"1024\" src=\"https:\/\/magenarquitectos.com\/wp-content\/uploads\/2023\/04\/scalae_trazas-1007x1024.jpg\" alt=\"\" class=\"wp-image-17387\" srcset=\"https:\/\/magenarquitectos.com\/wp-content\/uploads\/2023\/04\/scalae_trazas-1007x1024.jpg 1007w, https:\/\/magenarquitectos.com\/wp-content\/uploads\/2023\/04\/scalae_trazas-295x300.jpg 295w, https:\/\/magenarquitectos.com\/wp-content\/uploads\/2023\/04\/scalae_trazas-768x781.jpg 768w, https:\/\/magenarquitectos.com\/wp-content\/uploads\/2023\/04\/scalae_trazas.jpg 1239w\" sizes=\"(max-width: 1007px) 100vw, 1007px\" title=\"\"><\/figure>\n\n\n\n<p>Presentaci\u00f3n y debate cr\u00edtico de tres episodios de la serie scalae \u201cTrazas, trazos, trozos\u2026 de arquitectura\u201d en el Euskadiko Arkitektura Institutua de San Sebasti\u00e1n, el jueves 27 de abril a las 19:00h.<\/p>\n\n\n\n<p>Behark,\u00a0<strong>Mag\u00e9n Arquitectos,\u00a0<\/strong>Pereda-P\u00e9rez Arquitectos, tres estudios de arquitectos con bases respectivas en Bilbao, Zaragoza y Pamplona, de exquisita y reconocida experiencia profesional, prosiguen con esta sesi\u00f3n la serie de encuentros sobre aspectos de precisi\u00f3n profesional y destreza de oficio en arquitectura. Presentan, y debaten seguidamente, con la mirada puesta en el propio oficio, trozos significativos de la arquitectura proyectada y construida desde sus respectivas oficinas.<\/p>\n\n\n\n<p>La sesi\u00f3n cuenta con un panel cr\u00edtico que, en las cuestiones planteadas por\u00a0Oihana Santolaria,\u00a0Itziar Rodr\u00edguez,\u00a0Ib\u00f3n Salaberr\u00eda,\u00a0Juan Beldarra\u00edn,\u00a0Elena Usabiaga,\u00a0Jose \u00c1ngel Medina\u00a0e\u00a0\u00cd\u00f1igo Garc\u00eda Odiaga, contribuye en profundizar sobre aspectos espec\u00edficos de las trazas, trazos y trozos de arquitectura presentados en la sesi\u00f3n.<\/p>\n\n\n\n<p>Comisariado:<br>F\u00e9lix\u00a0Arran<strong>z<\/strong>, Arquitecto y editor e\u00a0\u00cd\u00f1igo Garc\u00eda Odiaga, Arquitecto (VAUMM, ETSA UPV\/EHU<\/p>\n","protected":false},"excerpt":{"rendered":"<p>Presentaci\u00f3n y debate cr\u00edtico de tres episodios de la serie scalae \u201cTrazas, trazos, trozos\u2026 de arquitectura\u201d en el Euskadiko Arkitektura Institutua de San Sebasti\u00e1n, el jueves 27 de abril a las 19:00h. Behark,\u00a0Mag\u00e9n Arquitectos,\u00a0Pereda-P\u00e9rez Arquitectos, tres estudios de arquitectos con bases respectivas en Bilbao, Zaragoza y Pamplona, de exquisita y reconocida experiencia profesional, prosiguen con [&hellip;]<\/p>\n","protected":false},"author":1,"featured_media":0,"comment_status":"open","ping_status":"open","sticky":false,"template":"","format":"standard","meta":{"_monsterinsights_skip_tracking":false,"_monsterinsights_sitenote_active":false,"_monsterinsights_sitenote_note":"","_monsterinsights_sitenote_category":0},"categories":[217,196,90,194],"tags":[115,129,216,74],"_links":{"self":[{"href":"https:\/\/magenarquitectos.com\/en\/wp-json\/wp\/v2\/posts\/17386"}],"collection":[{"href":"https:\/\/magenarquitectos.com\/en\/wp-json\/wp\/v2\/posts"}],"about":[{"href":"https:\/\/magenarquitectos.com\/en\/wp-json\/wp\/v2\/types\/post"}],"author":[{"embeddable":true,"href":"https:\/\/magenarquitectos.com\/en\/wp-json\/wp\/v2\/users\/1"}],"replies":[{"embeddable":true,"href":"https:\/\/magenarquitectos.com\/en\/wp-json\/wp\/v2\/comments?post=17386"}],"version-history":[{"count":1,"href":"https:\/\/magenarquitectos.com\/en\/wp-json\/wp\/v2\/posts\/17386\/revisions"}],"predecessor-version":[{"id":17389,"href":"https:\/\/magenarquitectos.com\/en\/wp-json\/wp\/v2\/posts\/17386\/revisions\/17389"}],"wp:attachment":[{"href":"https:\/\/magenarquitectos.com\/en\/wp-json\/wp\/v2\/media?parent=17386"}],"wp:term":[{"taxonomy":"category","embeddable":true,"href":"https:\/\/magenarquitectos.com\/en\/wp-json\/wp\/v2\/categories?post=17386"},{"taxonomy":"post_tag","embeddable":true,"href":"https:\/\/magenarquitectos.com\/en\/wp-json\/wp\/v2\/tags?post=17386"}],"curies":[{"name":"wp","href":"https:\/\/api.w.org\/{rel}","templated":true}]}}