{"id":17399,"date":"2023-05-25T08:04:00","date_gmt":"2023-05-25T08:04:00","guid":{"rendered":"https:\/\/magenarquitectos.com\/?p=17399"},"modified":"2023-05-25T08:03:18","modified_gmt":"2023-05-25T08:03:18","slug":"en-construccion-reforma-y-ampliacion-de-la-facultad-de-filosofia-y-letras-universidad-de-zaragoza-39","status":"publish","type":"post","link":"https:\/\/magenarquitectos.com\/en\/en-construccion-reforma-y-ampliacion-de-la-facultad-de-filosofia-y-letras-universidad-de-zaragoza-39\/","title":{"rendered":"En construcci\u00f3n: Reforma y Ampliaci\u00f3n de la Facultad de Filosof\u00eda y Letras. Universidad de Zaragoza"},"content":{"rendered":"\n<figure class=\"wp-block-image size-large\"><img loading=\"lazy\" width=\"1024\" height=\"1018\" src=\"https:\/\/magenarquitectos.com\/wp-content\/uploads\/2023\/05\/filosofia_0705-1024x1018.jpg\" alt=\"\" class=\"wp-image-17400\" srcset=\"https:\/\/magenarquitectos.com\/wp-content\/uploads\/2023\/05\/filosofia_0705-1024x1018.jpg 1024w, https:\/\/magenarquitectos.com\/wp-content\/uploads\/2023\/05\/filosofia_0705-300x298.jpg 300w, https:\/\/magenarquitectos.com\/wp-content\/uploads\/2023\/05\/filosofia_0705-150x150.jpg 150w, https:\/\/magenarquitectos.com\/wp-content\/uploads\/2023\/05\/filosofia_0705-768x764.jpg 768w, https:\/\/magenarquitectos.com\/wp-content\/uploads\/2023\/05\/filosofia_0705.jpg 1240w\" sizes=\"(max-width: 1024px) 100vw, 1024px\" title=\"\"><\/figure>\n\n\n\n<p>+info: <a href=\"https:\/\/magenarquitectos.com\/proyectos\/facultad-de-filosofia-y-letras-universidad-de-zaragoza\/\">Facultad de Filosof\u00eda y Letras<\/a>, <a href=\"https:\/\/magenarquitectos.com\/en\/projects\/facultad-de-filosofia-y-letras-universidad-de-zaragoza\/\">Philosophy Faculty<\/a><\/p>\n","protected":false},"excerpt":{"rendered":"<p>+info: Facultad de Filosof\u00eda y Letras, Philosophy Faculty<\/p>\n","protected":false},"author":1,"featured_media":0,"comment_status":"open","ping_status":"open","sticky":false,"template":"","format":"standard","meta":{"_monsterinsights_skip_tracking":false,"_monsterinsights_sitenote_active":false,"_monsterinsights_sitenote_note":"","_monsterinsights_sitenote_category":0},"categories":[97,65,139,92,117],"tags":[115,134,80,140,93,94,82,83,166,74],"_links":{"self":[{"href":"https:\/\/magenarquitectos.com\/en\/wp-json\/wp\/v2\/posts\/17399"}],"collection":[{"href":"https:\/\/magenarquitectos.com\/en\/wp-json\/wp\/v2\/posts"}],"about":[{"href":"https:\/\/magenarquitectos.com\/en\/wp-json\/wp\/v2\/types\/post"}],"author":[{"embeddable":true,"href":"https:\/\/magenarquitectos.com\/en\/wp-json\/wp\/v2\/users\/1"}],"replies":[{"embeddable":true,"href":"https:\/\/magenarquitectos.com\/en\/wp-json\/wp\/v2\/comments?post=17399"}],"version-history":[{"count":1,"href":"https:\/\/magenarquitectos.com\/en\/wp-json\/wp\/v2\/posts\/17399\/revisions"}],"predecessor-version":[{"id":17402,"href":"https:\/\/magenarquitectos.com\/en\/wp-json\/wp\/v2\/posts\/17399\/revisions\/17402"}],"wp:attachment":[{"href":"https:\/\/magenarquitectos.com\/en\/wp-json\/wp\/v2\/media?parent=17399"}],"wp:term":[{"taxonomy":"category","embeddable":true,"href":"https:\/\/magenarquitectos.com\/en\/wp-json\/wp\/v2\/categories?post=17399"},{"taxonomy":"post_tag","embeddable":true,"href":"https:\/\/magenarquitectos.com\/en\/wp-json\/wp\/v2\/tags?post=17399"}],"curies":[{"name":"wp","href":"https:\/\/api.w.org\/{rel}","templated":true}]}}