{"id":17406,"date":"2023-05-23T09:00:00","date_gmt":"2023-05-23T09:00:00","guid":{"rendered":"https:\/\/magenarquitectos.com\/?p=17406"},"modified":"2023-05-19T16:23:50","modified_gmt":"2023-05-19T16:23:50","slug":"el-centro-de-educacion-infantil-parque-venecia-publicado-en-via-construccion-no163","status":"publish","type":"post","link":"https:\/\/magenarquitectos.com\/en\/el-centro-de-educacion-infantil-parque-venecia-publicado-en-via-construccion-no163\/","title":{"rendered":"El Centro de Educaci\u00f3n Infantil Parque Venecia, publicado en V\u00eda Construcci\u00f3n n\u00ba163"},"content":{"rendered":"\n<p>Architectural publication Via Construccion features Kindergarten Parque Venecia, one of the latest works by Magen Arquitectos, in its 163 issue.<\/p>\n\n\n\n<figure class=\"wp-block-image size-large\"><img loading=\"lazy\" width=\"720\" height=\"1024\" src=\"https:\/\/magenarquitectos.com\/wp-content\/uploads\/2023\/05\/viacons_venecia-720x1024.jpg\" alt=\"\" class=\"wp-image-17407\" srcset=\"https:\/\/magenarquitectos.com\/wp-content\/uploads\/2023\/05\/viacons_venecia-720x1024.jpg 720w, https:\/\/magenarquitectos.com\/wp-content\/uploads\/2023\/05\/viacons_venecia-211x300.jpg 211w, https:\/\/magenarquitectos.com\/wp-content\/uploads\/2023\/05\/viacons_venecia-768x1092.jpg 768w, https:\/\/magenarquitectos.com\/wp-content\/uploads\/2023\/05\/viacons_venecia.jpg 872w\" sizes=\"(max-width: 720px) 100vw, 720px\" title=\"\"><\/figure>\n","protected":false},"excerpt":{"rendered":"<p>Architectural publication Via Construccion features Kindergarten Parque Venecia, one of the latest works by Magen Arquitectos, in its 163 issue.<\/p>\n","protected":false},"author":1,"featured_media":0,"comment_status":"open","ping_status":"open","sticky":false,"template":"","format":"standard","meta":{"_monsterinsights_skip_tracking":false,"_monsterinsights_sitenote_active":false,"_monsterinsights_sitenote_note":"","_monsterinsights_sitenote_category":0},"categories":[65,67,90,194],"tags":[115,134,80,140,141,74],"_links":{"self":[{"href":"https:\/\/magenarquitectos.com\/en\/wp-json\/wp\/v2\/posts\/17406"}],"collection":[{"href":"https:\/\/magenarquitectos.com\/en\/wp-json\/wp\/v2\/posts"}],"about":[{"href":"https:\/\/magenarquitectos.com\/en\/wp-json\/wp\/v2\/types\/post"}],"author":[{"embeddable":true,"href":"https:\/\/magenarquitectos.com\/en\/wp-json\/wp\/v2\/users\/1"}],"replies":[{"embeddable":true,"href":"https:\/\/magenarquitectos.com\/en\/wp-json\/wp\/v2\/comments?post=17406"}],"version-history":[{"count":1,"href":"https:\/\/magenarquitectos.com\/en\/wp-json\/wp\/v2\/posts\/17406\/revisions"}],"predecessor-version":[{"id":17409,"href":"https:\/\/magenarquitectos.com\/en\/wp-json\/wp\/v2\/posts\/17406\/revisions\/17409"}],"wp:attachment":[{"href":"https:\/\/magenarquitectos.com\/en\/wp-json\/wp\/v2\/media?parent=17406"}],"wp:term":[{"taxonomy":"category","embeddable":true,"href":"https:\/\/magenarquitectos.com\/en\/wp-json\/wp\/v2\/categories?post=17406"},{"taxonomy":"post_tag","embeddable":true,"href":"https:\/\/magenarquitectos.com\/en\/wp-json\/wp\/v2\/tags?post=17406"}],"curies":[{"name":"wp","href":"https:\/\/api.w.org\/{rel}","templated":true}]}}