{"id":17428,"date":"2023-06-05T07:05:00","date_gmt":"2023-06-05T07:05:00","guid":{"rendered":"https:\/\/magenarquitectos.com\/?p=17428"},"modified":"2023-06-04T16:54:43","modified_gmt":"2023-06-04T16:54:43","slug":"el-pabellon-social-en-el-estadio-miralbueno-el-olivar-seleccionado-en-la-xvi-bienal-espanola-de-arquitectura-y-urbanismo","status":"publish","type":"post","link":"https:\/\/magenarquitectos.com\/en\/el-pabellon-social-en-el-estadio-miralbueno-el-olivar-seleccionado-en-la-xvi-bienal-espanola-de-arquitectura-y-urbanismo\/","title":{"rendered":"El Pabell\u00f3n Social en el Estadio-Miralbueno El Olivar, Seleccionado en la XVI Bienal Espa\u00f1ola de Arquitectura y Urbanismo"},"content":{"rendered":"\n<p>El Pabell\u00f3n Social en el Estadio-Miralbueno El Olivar ha sido SELECCIONADO en la Categor\u00eda de Obras de la XVI Bienal Espa\u00f1ola de Arquitectura y Urbanismo (XVI BEAU). <\/p>\n\n\n\n<p>Social Pavilion in Sports Club El Olivar awarded as SELECTED in XVI Biennial of Spanish Architecture and Urbanism (XVI BEAU). <\/p>\n\n\n\n<figure class=\"wp-block-image size-large\"><img loading=\"lazy\" width=\"1024\" height=\"830\" src=\"https:\/\/magenarquitectos.com\/wp-content\/uploads\/2023\/06\/olivar_beau_01-1024x830.jpg\" alt=\"\" class=\"wp-image-17445\" srcset=\"https:\/\/magenarquitectos.com\/wp-content\/uploads\/2023\/06\/olivar_beau_01-1024x830.jpg 1024w, https:\/\/magenarquitectos.com\/wp-content\/uploads\/2023\/06\/olivar_beau_01-300x243.jpg 300w, https:\/\/magenarquitectos.com\/wp-content\/uploads\/2023\/06\/olivar_beau_01-768x622.jpg 768w, https:\/\/magenarquitectos.com\/wp-content\/uploads\/2023\/06\/olivar_beau_01.jpg 1240w\" sizes=\"(max-width: 1024px) 100vw, 1024px\" title=\"\"><\/figure>\n\n\n\n<figure class=\"wp-block-image size-large\"><img loading=\"lazy\" width=\"1024\" height=\"703\" src=\"https:\/\/magenarquitectos.com\/wp-content\/uploads\/2023\/06\/olivar_beau_02-1024x703.jpg\" alt=\"\" class=\"wp-image-17447\" srcset=\"https:\/\/magenarquitectos.com\/wp-content\/uploads\/2023\/06\/olivar_beau_02-1024x703.jpg 1024w, https:\/\/magenarquitectos.com\/wp-content\/uploads\/2023\/06\/olivar_beau_02-300x206.jpg 300w, https:\/\/magenarquitectos.com\/wp-content\/uploads\/2023\/06\/olivar_beau_02-768x527.jpg 768w, https:\/\/magenarquitectos.com\/wp-content\/uploads\/2023\/06\/olivar_beau_02.jpg 1240w\" sizes=\"(max-width: 1024px) 100vw, 1024px\" title=\"\"><\/figure>\n\n\n\n<figure class=\"wp-block-image size-large\"><img loading=\"lazy\" width=\"1024\" height=\"483\" src=\"https:\/\/magenarquitectos.com\/wp-content\/uploads\/2023\/06\/olivar_beau_03-1024x483.jpg\" alt=\"\" class=\"wp-image-17449\" srcset=\"https:\/\/magenarquitectos.com\/wp-content\/uploads\/2023\/06\/olivar_beau_03-1024x483.jpg 1024w, https:\/\/magenarquitectos.com\/wp-content\/uploads\/2023\/06\/olivar_beau_03-300x142.jpg 300w, https:\/\/magenarquitectos.com\/wp-content\/uploads\/2023\/06\/olivar_beau_03-768x362.jpg 768w, https:\/\/magenarquitectos.com\/wp-content\/uploads\/2023\/06\/olivar_beau_03.jpg 1240w\" sizes=\"(max-width: 1024px) 100vw, 1024px\" title=\"\"><\/figure>\n\n\n\n<p><\/p>\n","protected":false},"excerpt":{"rendered":"<p>El Pabell\u00f3n Social en el Estadio-Miralbueno El Olivar ha sido SELECCIONADO en la Categor\u00eda de Obras de la XVI Bienal Espa\u00f1ola de Arquitectura y Urbanismo (XVI BEAU). Social Pavilion in Sports Club El Olivar awarded as SELECTED in XVI Biennial of Spanish Architecture and Urbanism (XVI BEAU).<\/p>\n","protected":false},"author":1,"featured_media":0,"comment_status":"open","ping_status":"open","sticky":false,"template":"","format":"standard","meta":{"_monsterinsights_skip_tracking":false,"_monsterinsights_sitenote_active":false,"_monsterinsights_sitenote_note":"","_monsterinsights_sitenote_category":0},"categories":[258,195,65,67,113],"tags":[115,64,80,74],"_links":{"self":[{"href":"https:\/\/magenarquitectos.com\/en\/wp-json\/wp\/v2\/posts\/17428"}],"collection":[{"href":"https:\/\/magenarquitectos.com\/en\/wp-json\/wp\/v2\/posts"}],"about":[{"href":"https:\/\/magenarquitectos.com\/en\/wp-json\/wp\/v2\/types\/post"}],"author":[{"embeddable":true,"href":"https:\/\/magenarquitectos.com\/en\/wp-json\/wp\/v2\/users\/1"}],"replies":[{"embeddable":true,"href":"https:\/\/magenarquitectos.com\/en\/wp-json\/wp\/v2\/comments?post=17428"}],"version-history":[{"count":3,"href":"https:\/\/magenarquitectos.com\/en\/wp-json\/wp\/v2\/posts\/17428\/revisions"}],"predecessor-version":[{"id":17451,"href":"https:\/\/magenarquitectos.com\/en\/wp-json\/wp\/v2\/posts\/17428\/revisions\/17451"}],"wp:attachment":[{"href":"https:\/\/magenarquitectos.com\/en\/wp-json\/wp\/v2\/media?parent=17428"}],"wp:term":[{"taxonomy":"category","embeddable":true,"href":"https:\/\/magenarquitectos.com\/en\/wp-json\/wp\/v2\/categories?post=17428"},{"taxonomy":"post_tag","embeddable":true,"href":"https:\/\/magenarquitectos.com\/en\/wp-json\/wp\/v2\/tags?post=17428"}],"curies":[{"name":"wp","href":"https:\/\/api.w.org\/{rel}","templated":true}]}}