{"id":17461,"date":"2023-07-04T17:37:55","date_gmt":"2023-07-04T17:37:55","guid":{"rendered":"https:\/\/magenarquitectos.com\/?p=17461"},"modified":"2023-07-04T17:37:59","modified_gmt":"2023-07-04T17:37:59","slug":"entrevista-en-mas-de-uno-zaragoza","status":"publish","type":"post","link":"https:\/\/magenarquitectos.com\/en\/entrevista-en-mas-de-uno-zaragoza\/","title":{"rendered":"Entrevista en &#8220;M\u00e1s de uno Zaragoza&#8221;"},"content":{"rendered":"\n<p>Jaime Mag\u00e9n ha sido entrevistado por Jos\u00e9 Antonio Alaya en el programa &#8220;M\u00e1s de uno Zaragoza&#8221; de Onda Cero con motivo de la Selecci\u00f3n del Pabell\u00f3n Social del Estadio-Miralbueno El Olivar en la XVI Bienal Espa\u00f1ola de Arquitectura y Urbanismo (XVI BEAU).<\/p>\n\n\n<div class=\"wp-block-image\">\n<figure class=\"aligncenter size-large is-resized\"><a href=\"https:\/\/www.ondacero.es\/emisoras\/aragon\/audios-podcast\/zaragoza-mas-de-uno\/mas-uno-zaragoza-04072023_2023070464a411213edc3a000107f584.html\" rel=\"nofollow noopener\" target=\"_blank\"><img loading=\"lazy\" src=\"https:\/\/magenarquitectos.com\/wp-content\/uploads\/2023\/07\/onda_cero_zgz-1024x1010.jpg\" alt=\"\" class=\"wp-image-17462\" width=\"512\" height=\"505\" srcset=\"https:\/\/magenarquitectos.com\/wp-content\/uploads\/2023\/07\/onda_cero_zgz-1024x1010.jpg 1024w, https:\/\/magenarquitectos.com\/wp-content\/uploads\/2023\/07\/onda_cero_zgz-300x296.jpg 300w, https:\/\/magenarquitectos.com\/wp-content\/uploads\/2023\/07\/onda_cero_zgz-768x758.jpg 768w, https:\/\/magenarquitectos.com\/wp-content\/uploads\/2023\/07\/onda_cero_zgz.jpg 1181w\" sizes=\"(max-width: 512px) 100vw, 512px\" title=\"\"><\/a><\/figure><\/div>","protected":false},"excerpt":{"rendered":"<p>Jaime Mag\u00e9n ha sido entrevistado por Jos\u00e9 Antonio Alaya en el programa &#8220;M\u00e1s de uno Zaragoza&#8221; de Onda Cero con motivo de la Selecci\u00f3n del Pabell\u00f3n Social del Estadio-Miralbueno El Olivar en la XVI Bienal Espa\u00f1ola de Arquitectura y Urbanismo (XVI BEAU).<\/p>\n","protected":false},"author":1,"featured_media":0,"comment_status":"open","ping_status":"open","sticky":false,"template":"","format":"standard","meta":{"_monsterinsights_skip_tracking":false,"_monsterinsights_sitenote_active":false,"_monsterinsights_sitenote_note":"","_monsterinsights_sitenote_category":0},"categories":[113,195,146],"tags":[115,126,80,74],"_links":{"self":[{"href":"https:\/\/magenarquitectos.com\/en\/wp-json\/wp\/v2\/posts\/17461"}],"collection":[{"href":"https:\/\/magenarquitectos.com\/en\/wp-json\/wp\/v2\/posts"}],"about":[{"href":"https:\/\/magenarquitectos.com\/en\/wp-json\/wp\/v2\/types\/post"}],"author":[{"embeddable":true,"href":"https:\/\/magenarquitectos.com\/en\/wp-json\/wp\/v2\/users\/1"}],"replies":[{"embeddable":true,"href":"https:\/\/magenarquitectos.com\/en\/wp-json\/wp\/v2\/comments?post=17461"}],"version-history":[{"count":2,"href":"https:\/\/magenarquitectos.com\/en\/wp-json\/wp\/v2\/posts\/17461\/revisions"}],"predecessor-version":[{"id":17465,"href":"https:\/\/magenarquitectos.com\/en\/wp-json\/wp\/v2\/posts\/17461\/revisions\/17465"}],"wp:attachment":[{"href":"https:\/\/magenarquitectos.com\/en\/wp-json\/wp\/v2\/media?parent=17461"}],"wp:term":[{"taxonomy":"category","embeddable":true,"href":"https:\/\/magenarquitectos.com\/en\/wp-json\/wp\/v2\/categories?post=17461"},{"taxonomy":"post_tag","embeddable":true,"href":"https:\/\/magenarquitectos.com\/en\/wp-json\/wp\/v2\/tags?post=17461"}],"curies":[{"name":"wp","href":"https:\/\/api.w.org\/{rel}","templated":true}]}}